{"id":1005,"date":"2024-10-26T18:16:27","date_gmt":"2024-10-26T16:16:27","guid":{"rendered":"https:\/\/parti-des-travailleurs-78.fr\/?p=1005"},"modified":"2025-01-15T20:20:02","modified_gmt":"2025-01-15T19:20:02","slug":"tt-s78-11-rentree-scolaire-172-fermetures-de-classes-dans-les-yvelines-en-2024","status":"publish","type":"post","link":"https:\/\/parti-des-travailleurs-78.fr\/index.php\/2024\/10\/26\/tt-s78-11-rentree-scolaire-172-fermetures-de-classes-dans-les-yvelines-en-2024\/","title":{"rendered":"[TT-S78-11] Rentr\u00e9e scolaire : 172 fermetures de classes dans les Yvelines en 2024\u2026"},"content":{"rendered":"<a href=\"https:\/\/parti-des-travailleurs-78.fr\/wp-content\/uploads\/2024\/10\/11-24_n11_TTSUPP78.pdf\" class=\"pdfemb-viewer\" style=\"\" data-width=\"max\" data-height=\"max\" data-toolbar=\"bottom\" data-toolbar-fixed=\"off\">11-24_n11_TTSUPP78<\/a>","protected":false},"excerpt":{"rendered":"<p>La r\u00e9alit\u00e9 de la rentr\u00e9e 2024 dans le d\u00e9partement :<br \/>\n89 fermetures de classes en maternelle et 83 en \u00e9l\u00e9mentaire,<br \/>\n9 fermetures \u00e0 Mantes-la-Jolie, 7 \u00e0 Sartrouville, 3 \u00e0 Limay.<br \/>\nLe r\u00e9sultat : des classes aux effectifs surcharg\u00e9s&#8230;<\/p>\n","protected":false},"author":1,"featured_media":727,"comment_status":"closed","ping_status":"closed","sticky":false,"template":"","format":"standard","meta":{"footnotes":""},"categories":[22],"tags":[23],"class_list":["post-1005","post","type-post","status-publish","format-standard","has-post-thumbnail","hentry","category-tts","tag-tts"],"yoast_head":"<!-- This site is optimized with the Yoast SEO plugin v26.1.1 - https:\/\/yoast.com\/wordpress\/plugins\/seo\/ -->\n<title>[TT-S78-11] Rentr\u00e9e scolaire : 172 fermetures de classes dans les Yvelines en 2024\u2026 - Parti des travailleurs | Yvelines<\/title>\n<meta name=\"robots\" content=\"index, follow, max-snippet:-1, max-image-preview:large, max-video-preview:-1\" \/>\n<link rel=\"canonical\" href=\"https:\/\/parti-des-travailleurs-78.fr\/index.php\/2024\/10\/26\/tt-s78-11-rentree-scolaire-172-fermetures-de-classes-dans-les-yvelines-en-2024\/\" \/>\n<meta property=\"og:locale\" content=\"fr_FR\" \/>\n<meta property=\"og:type\" content=\"article\" \/>\n<meta property=\"og:title\" content=\"[TT-S78-11] Rentr\u00e9e scolaire : 172 fermetures de classes dans les Yvelines en 2024\u2026 - Parti des travailleurs | Yvelines\" \/>\n<meta property=\"og:description\" content=\"La r\u00e9alit\u00e9 de la rentr\u00e9e 2024 dans le d\u00e9partement : 89 fermetures de classes en maternelle et 83 en \u00e9l\u00e9mentaire, 9 fermetures \u00e0 Mantes-la-Jolie, 7 \u00e0 Sartrouville, 3 \u00e0 Limay. Le r\u00e9sultat : des classes aux effectifs surcharg\u00e9s...\" \/>\n<meta property=\"og:url\" content=\"https:\/\/parti-des-travailleurs-78.fr\/index.php\/2024\/10\/26\/tt-s78-11-rentree-scolaire-172-fermetures-de-classes-dans-les-yvelines-en-2024\/\" \/>\n<meta property=\"og:site_name\" content=\"Parti des travailleurs | Yvelines\" \/>\n<meta property=\"article:published_time\" content=\"2024-10-26T16:16:27+00:00\" \/>\n<meta property=\"article:modified_time\" content=\"2025-01-15T19:20:02+00:00\" \/>\n<meta property=\"og:image\" content=\"https:\/\/parti-des-travailleurs-78.fr\/wp-content\/uploads\/2024\/02\/TTS78.png\" \/>\n\t<meta property=\"og:image:width\" content=\"897\" \/>\n\t<meta property=\"og:image:height\" content=\"273\" \/>\n\t<meta property=\"og:image:type\" content=\"image\/png\" \/>\n<meta name=\"author\" content=\"Elundmin\" \/>\n<meta name=\"twitter:card\" content=\"summary_large_image\" \/>\n<meta name=\"twitter:label1\" content=\"\u00c9crit par\" \/>\n\t<meta name=\"twitter:data1\" content=\"Elundmin\" \/>\n\t<meta name=\"twitter:label2\" content=\"Dur\u00e9e de lecture estim\u00e9e\" \/>\n\t<meta name=\"twitter:data2\" content=\"1 minute\" \/>\n<script type=\"application\/ld+json\" class=\"yoast-schema-graph\">{\"@context\":\"https:\/\/schema.org\",\"@graph\":[{\"@type\":\"Article\",\"@id\":\"https:\/\/parti-des-travailleurs-78.fr\/index.php\/2024\/10\/26\/tt-s78-11-rentree-scolaire-172-fermetures-de-classes-dans-les-yvelines-en-2024\/#article\",\"isPartOf\":{\"@id\":\"https:\/\/parti-des-travailleurs-78.fr\/index.php\/2024\/10\/26\/tt-s78-11-rentree-scolaire-172-fermetures-de-classes-dans-les-yvelines-en-2024\/\"},\"author\":{\"name\":\"Elundmin\",\"@id\":\"https:\/\/parti-des-travailleurs-78.fr\/#\/schema\/person\/f79ec75f85e9a8cd0a75a9fae65268d6\"},\"headline\":\"[TT-S78-11] Rentr\u00e9e scolaire : 172 fermetures de classes dans les Yvelines en 2024\u2026\",\"datePublished\":\"2024-10-26T16:16:27+00:00\",\"dateModified\":\"2025-01-15T19:20:02+00:00\",\"mainEntityOfPage\":{\"@id\":\"https:\/\/parti-des-travailleurs-78.fr\/index.php\/2024\/10\/26\/tt-s78-11-rentree-scolaire-172-fermetures-de-classes-dans-les-yvelines-en-2024\/\"},\"wordCount\":12,\"publisher\":{\"@id\":\"https:\/\/parti-des-travailleurs-78.fr\/#organization\"},\"image\":{\"@id\":\"https:\/\/parti-des-travailleurs-78.fr\/index.php\/2024\/10\/26\/tt-s78-11-rentree-scolaire-172-fermetures-de-classes-dans-les-yvelines-en-2024\/#primaryimage\"},\"thumbnailUrl\":\"https:\/\/parti-des-travailleurs-78.fr\/wp-content\/uploads\/2024\/02\/TTS78.png\",\"keywords\":[\"TTS\"],\"articleSection\":[\"TTS\"],\"inLanguage\":\"fr-FR\"},{\"@type\":\"WebPage\",\"@id\":\"https:\/\/parti-des-travailleurs-78.fr\/index.php\/2024\/10\/26\/tt-s78-11-rentree-scolaire-172-fermetures-de-classes-dans-les-yvelines-en-2024\/\",\"url\":\"https:\/\/parti-des-travailleurs-78.fr\/index.php\/2024\/10\/26\/tt-s78-11-rentree-scolaire-172-fermetures-de-classes-dans-les-yvelines-en-2024\/\",\"name\":\"[TT-S78-11] Rentr\u00e9e scolaire : 172 fermetures de classes dans les Yvelines en 2024\u2026 - Parti des travailleurs | Yvelines\",\"isPartOf\":{\"@id\":\"https:\/\/parti-des-travailleurs-78.fr\/#website\"},\"primaryImageOfPage\":{\"@id\":\"https:\/\/parti-des-travailleurs-78.fr\/index.php\/2024\/10\/26\/tt-s78-11-rentree-scolaire-172-fermetures-de-classes-dans-les-yvelines-en-2024\/#primaryimage\"},\"image\":{\"@id\":\"https:\/\/parti-des-travailleurs-78.fr\/index.php\/2024\/10\/26\/tt-s78-11-rentree-scolaire-172-fermetures-de-classes-dans-les-yvelines-en-2024\/#primaryimage\"},\"thumbnailUrl\":\"https:\/\/parti-des-travailleurs-78.fr\/wp-content\/uploads\/2024\/02\/TTS78.png\",\"datePublished\":\"2024-10-26T16:16:27+00:00\",\"dateModified\":\"2025-01-15T19:20:02+00:00\",\"breadcrumb\":{\"@id\":\"https:\/\/parti-des-travailleurs-78.fr\/index.php\/2024\/10\/26\/tt-s78-11-rentree-scolaire-172-fermetures-de-classes-dans-les-yvelines-en-2024\/#breadcrumb\"},\"inLanguage\":\"fr-FR\",\"potentialAction\":[{\"@type\":\"ReadAction\",\"target\":[\"https:\/\/parti-des-travailleurs-78.fr\/index.php\/2024\/10\/26\/tt-s78-11-rentree-scolaire-172-fermetures-de-classes-dans-les-yvelines-en-2024\/\"]}]},{\"@type\":\"ImageObject\",\"inLanguage\":\"fr-FR\",\"@id\":\"https:\/\/parti-des-travailleurs-78.fr\/index.php\/2024\/10\/26\/tt-s78-11-rentree-scolaire-172-fermetures-de-classes-dans-les-yvelines-en-2024\/#primaryimage\",\"url\":\"https:\/\/parti-des-travailleurs-78.fr\/wp-content\/uploads\/2024\/02\/TTS78.png\",\"contentUrl\":\"https:\/\/parti-des-travailleurs-78.fr\/wp-content\/uploads\/2024\/02\/TTS78.png\",\"width\":897,\"height\":273,\"caption\":\"TTS78\"},{\"@type\":\"BreadcrumbList\",\"@id\":\"https:\/\/parti-des-travailleurs-78.fr\/index.php\/2024\/10\/26\/tt-s78-11-rentree-scolaire-172-fermetures-de-classes-dans-les-yvelines-en-2024\/#breadcrumb\",\"itemListElement\":[{\"@type\":\"ListItem\",\"position\":1,\"name\":\"Accueil\",\"item\":\"https:\/\/parti-des-travailleurs-78.fr\/\"},{\"@type\":\"ListItem\",\"position\":2,\"name\":\"[TT-S78-11] Rentr\u00e9e scolaire : 172 fermetures de classes dans les Yvelines en 2024\u2026\"}]},{\"@type\":\"WebSite\",\"@id\":\"https:\/\/parti-des-travailleurs-78.fr\/#website\",\"url\":\"https:\/\/parti-des-travailleurs-78.fr\/\",\"name\":\"Parti des travailleurs | Yvelines\",\"description\":\"\",\"publisher\":{\"@id\":\"https:\/\/parti-des-travailleurs-78.fr\/#organization\"},\"potentialAction\":[{\"@type\":\"SearchAction\",\"target\":{\"@type\":\"EntryPoint\",\"urlTemplate\":\"https:\/\/parti-des-travailleurs-78.fr\/?s={search_term_string}\"},\"query-input\":{\"@type\":\"PropertyValueSpecification\",\"valueRequired\":true,\"valueName\":\"search_term_string\"}}],\"inLanguage\":\"fr-FR\"},{\"@type\":\"Organization\",\"@id\":\"https:\/\/parti-des-travailleurs-78.fr\/#organization\",\"name\":\"Parti des travailleurs | Yvelines\",\"url\":\"https:\/\/parti-des-travailleurs-78.fr\/\",\"logo\":{\"@type\":\"ImageObject\",\"inLanguage\":\"fr-FR\",\"@id\":\"https:\/\/parti-des-travailleurs-78.fr\/#\/schema\/logo\/image\/\",\"url\":\"https:\/\/parti-des-travailleurs-78.fr\/wp-content\/uploads\/2023\/12\/cropped-Logo_Parti_des_travailleurs.png\",\"contentUrl\":\"https:\/\/parti-des-travailleurs-78.fr\/wp-content\/uploads\/2023\/12\/cropped-Logo_Parti_des_travailleurs.png\",\"width\":512,\"height\":512,\"caption\":\"Parti des travailleurs | Yvelines\"},\"image\":{\"@id\":\"https:\/\/parti-des-travailleurs-78.fr\/#\/schema\/logo\/image\/\"}},{\"@type\":\"Person\",\"@id\":\"https:\/\/parti-des-travailleurs-78.fr\/#\/schema\/person\/f79ec75f85e9a8cd0a75a9fae65268d6\",\"name\":\"Elundmin\",\"image\":{\"@type\":\"ImageObject\",\"inLanguage\":\"fr-FR\",\"@id\":\"https:\/\/parti-des-travailleurs-78.fr\/#\/schema\/person\/image\/\",\"url\":\"https:\/\/secure.gravatar.com\/avatar\/8d6749b64063ab9baa13169e3cff7275b20043b38a7d0c865ab81e304ceaa9b2?s=96&d=mm&r=g\",\"contentUrl\":\"https:\/\/secure.gravatar.com\/avatar\/8d6749b64063ab9baa13169e3cff7275b20043b38a7d0c865ab81e304ceaa9b2?s=96&d=mm&r=g\",\"caption\":\"Elundmin\"},\"sameAs\":[\"http:\/\/wwazwed.cluster030.hosting.ovh.net\"],\"url\":\"https:\/\/parti-des-travailleurs-78.fr\/index.php\/author\/elundmin\/\"}]}<\/script>\n<!-- \/ Yoast SEO plugin. -->","yoast_head_json":{"title":"[TT-S78-11] Rentr\u00e9e scolaire : 172 fermetures de classes dans les Yvelines en 2024\u2026 - Parti des travailleurs | Yvelines","robots":{"index":"index","follow":"follow","max-snippet":"max-snippet:-1","max-image-preview":"max-image-preview:large","max-video-preview":"max-video-preview:-1"},"canonical":"https:\/\/parti-des-travailleurs-78.fr\/index.php\/2024\/10\/26\/tt-s78-11-rentree-scolaire-172-fermetures-de-classes-dans-les-yvelines-en-2024\/","og_locale":"fr_FR","og_type":"article","og_title":"[TT-S78-11] Rentr\u00e9e scolaire : 172 fermetures de classes dans les Yvelines en 2024\u2026 - Parti des travailleurs | Yvelines","og_description":"La r\u00e9alit\u00e9 de la rentr\u00e9e 2024 dans le d\u00e9partement : 89 fermetures de classes en maternelle et 83 en \u00e9l\u00e9mentaire, 9 fermetures \u00e0 Mantes-la-Jolie, 7 \u00e0 Sartrouville, 3 \u00e0 Limay. Le r\u00e9sultat : des classes aux effectifs surcharg\u00e9s...","og_url":"https:\/\/parti-des-travailleurs-78.fr\/index.php\/2024\/10\/26\/tt-s78-11-rentree-scolaire-172-fermetures-de-classes-dans-les-yvelines-en-2024\/","og_site_name":"Parti des travailleurs | Yvelines","article_published_time":"2024-10-26T16:16:27+00:00","article_modified_time":"2025-01-15T19:20:02+00:00","og_image":[{"width":897,"height":273,"url":"https:\/\/parti-des-travailleurs-78.fr\/wp-content\/uploads\/2024\/02\/TTS78.png","type":"image\/png"}],"author":"Elundmin","twitter_card":"summary_large_image","twitter_misc":{"\u00c9crit par":"Elundmin","Dur\u00e9e de lecture estim\u00e9e":"1 minute"},"schema":{"@context":"https:\/\/schema.org","@graph":[{"@type":"Article","@id":"https:\/\/parti-des-travailleurs-78.fr\/index.php\/2024\/10\/26\/tt-s78-11-rentree-scolaire-172-fermetures-de-classes-dans-les-yvelines-en-2024\/#article","isPartOf":{"@id":"https:\/\/parti-des-travailleurs-78.fr\/index.php\/2024\/10\/26\/tt-s78-11-rentree-scolaire-172-fermetures-de-classes-dans-les-yvelines-en-2024\/"},"author":{"name":"Elundmin","@id":"https:\/\/parti-des-travailleurs-78.fr\/#\/schema\/person\/f79ec75f85e9a8cd0a75a9fae65268d6"},"headline":"[TT-S78-11] Rentr\u00e9e scolaire : 172 fermetures de classes dans les Yvelines en 2024\u2026","datePublished":"2024-10-26T16:16:27+00:00","dateModified":"2025-01-15T19:20:02+00:00","mainEntityOfPage":{"@id":"https:\/\/parti-des-travailleurs-78.fr\/index.php\/2024\/10\/26\/tt-s78-11-rentree-scolaire-172-fermetures-de-classes-dans-les-yvelines-en-2024\/"},"wordCount":12,"publisher":{"@id":"https:\/\/parti-des-travailleurs-78.fr\/#organization"},"image":{"@id":"https:\/\/parti-des-travailleurs-78.fr\/index.php\/2024\/10\/26\/tt-s78-11-rentree-scolaire-172-fermetures-de-classes-dans-les-yvelines-en-2024\/#primaryimage"},"thumbnailUrl":"https:\/\/parti-des-travailleurs-78.fr\/wp-content\/uploads\/2024\/02\/TTS78.png","keywords":["TTS"],"articleSection":["TTS"],"inLanguage":"fr-FR"},{"@type":"WebPage","@id":"https:\/\/parti-des-travailleurs-78.fr\/index.php\/2024\/10\/26\/tt-s78-11-rentree-scolaire-172-fermetures-de-classes-dans-les-yvelines-en-2024\/","url":"https:\/\/parti-des-travailleurs-78.fr\/index.php\/2024\/10\/26\/tt-s78-11-rentree-scolaire-172-fermetures-de-classes-dans-les-yvelines-en-2024\/","name":"[TT-S78-11] Rentr\u00e9e scolaire : 172 fermetures de classes dans les Yvelines en 2024\u2026 - Parti des travailleurs | Yvelines","isPartOf":{"@id":"https:\/\/parti-des-travailleurs-78.fr\/#website"},"primaryImageOfPage":{"@id":"https:\/\/parti-des-travailleurs-78.fr\/index.php\/2024\/10\/26\/tt-s78-11-rentree-scolaire-172-fermetures-de-classes-dans-les-yvelines-en-2024\/#primaryimage"},"image":{"@id":"https:\/\/parti-des-travailleurs-78.fr\/index.php\/2024\/10\/26\/tt-s78-11-rentree-scolaire-172-fermetures-de-classes-dans-les-yvelines-en-2024\/#primaryimage"},"thumbnailUrl":"https:\/\/parti-des-travailleurs-78.fr\/wp-content\/uploads\/2024\/02\/TTS78.png","datePublished":"2024-10-26T16:16:27+00:00","dateModified":"2025-01-15T19:20:02+00:00","breadcrumb":{"@id":"https:\/\/parti-des-travailleurs-78.fr\/index.php\/2024\/10\/26\/tt-s78-11-rentree-scolaire-172-fermetures-de-classes-dans-les-yvelines-en-2024\/#breadcrumb"},"inLanguage":"fr-FR","potentialAction":[{"@type":"ReadAction","target":["https:\/\/parti-des-travailleurs-78.fr\/index.php\/2024\/10\/26\/tt-s78-11-rentree-scolaire-172-fermetures-de-classes-dans-les-yvelines-en-2024\/"]}]},{"@type":"ImageObject","inLanguage":"fr-FR","@id":"https:\/\/parti-des-travailleurs-78.fr\/index.php\/2024\/10\/26\/tt-s78-11-rentree-scolaire-172-fermetures-de-classes-dans-les-yvelines-en-2024\/#primaryimage","url":"https:\/\/parti-des-travailleurs-78.fr\/wp-content\/uploads\/2024\/02\/TTS78.png","contentUrl":"https:\/\/parti-des-travailleurs-78.fr\/wp-content\/uploads\/2024\/02\/TTS78.png","width":897,"height":273,"caption":"TTS78"},{"@type":"BreadcrumbList","@id":"https:\/\/parti-des-travailleurs-78.fr\/index.php\/2024\/10\/26\/tt-s78-11-rentree-scolaire-172-fermetures-de-classes-dans-les-yvelines-en-2024\/#breadcrumb","itemListElement":[{"@type":"ListItem","position":1,"name":"Accueil","item":"https:\/\/parti-des-travailleurs-78.fr\/"},{"@type":"ListItem","position":2,"name":"[TT-S78-11] Rentr\u00e9e scolaire : 172 fermetures de classes dans les Yvelines en 2024\u2026"}]},{"@type":"WebSite","@id":"https:\/\/parti-des-travailleurs-78.fr\/#website","url":"https:\/\/parti-des-travailleurs-78.fr\/","name":"Parti des travailleurs | Yvelines","description":"","publisher":{"@id":"https:\/\/parti-des-travailleurs-78.fr\/#organization"},"potentialAction":[{"@type":"SearchAction","target":{"@type":"EntryPoint","urlTemplate":"https:\/\/parti-des-travailleurs-78.fr\/?s={search_term_string}"},"query-input":{"@type":"PropertyValueSpecification","valueRequired":true,"valueName":"search_term_string"}}],"inLanguage":"fr-FR"},{"@type":"Organization","@id":"https:\/\/parti-des-travailleurs-78.fr\/#organization","name":"Parti des travailleurs | Yvelines","url":"https:\/\/parti-des-travailleurs-78.fr\/","logo":{"@type":"ImageObject","inLanguage":"fr-FR","@id":"https:\/\/parti-des-travailleurs-78.fr\/#\/schema\/logo\/image\/","url":"https:\/\/parti-des-travailleurs-78.fr\/wp-content\/uploads\/2023\/12\/cropped-Logo_Parti_des_travailleurs.png","contentUrl":"https:\/\/parti-des-travailleurs-78.fr\/wp-content\/uploads\/2023\/12\/cropped-Logo_Parti_des_travailleurs.png","width":512,"height":512,"caption":"Parti des travailleurs | Yvelines"},"image":{"@id":"https:\/\/parti-des-travailleurs-78.fr\/#\/schema\/logo\/image\/"}},{"@type":"Person","@id":"https:\/\/parti-des-travailleurs-78.fr\/#\/schema\/person\/f79ec75f85e9a8cd0a75a9fae65268d6","name":"Elundmin","image":{"@type":"ImageObject","inLanguage":"fr-FR","@id":"https:\/\/parti-des-travailleurs-78.fr\/#\/schema\/person\/image\/","url":"https:\/\/secure.gravatar.com\/avatar\/8d6749b64063ab9baa13169e3cff7275b20043b38a7d0c865ab81e304ceaa9b2?s=96&d=mm&r=g","contentUrl":"https:\/\/secure.gravatar.com\/avatar\/8d6749b64063ab9baa13169e3cff7275b20043b38a7d0c865ab81e304ceaa9b2?s=96&d=mm&r=g","caption":"Elundmin"},"sameAs":["http:\/\/wwazwed.cluster030.hosting.ovh.net"],"url":"https:\/\/parti-des-travailleurs-78.fr\/index.php\/author\/elundmin\/"}]}},"_links":{"self":[{"href":"https:\/\/parti-des-travailleurs-78.fr\/index.php\/wp-json\/wp\/v2\/posts\/1005","targetHints":{"allow":["GET"]}}],"collection":[{"href":"https:\/\/parti-des-travailleurs-78.fr\/index.php\/wp-json\/wp\/v2\/posts"}],"about":[{"href":"https:\/\/parti-des-travailleurs-78.fr\/index.php\/wp-json\/wp\/v2\/types\/post"}],"author":[{"embeddable":true,"href":"https:\/\/parti-des-travailleurs-78.fr\/index.php\/wp-json\/wp\/v2\/users\/1"}],"replies":[{"embeddable":true,"href":"https:\/\/parti-des-travailleurs-78.fr\/index.php\/wp-json\/wp\/v2\/comments?post=1005"}],"version-history":[{"count":1,"href":"https:\/\/parti-des-travailleurs-78.fr\/index.php\/wp-json\/wp\/v2\/posts\/1005\/revisions"}],"predecessor-version":[{"id":1007,"href":"https:\/\/parti-des-travailleurs-78.fr\/index.php\/wp-json\/wp\/v2\/posts\/1005\/revisions\/1007"}],"wp:featuredmedia":[{"embeddable":true,"href":"https:\/\/parti-des-travailleurs-78.fr\/index.php\/wp-json\/wp\/v2\/media\/727"}],"wp:attachment":[{"href":"https:\/\/parti-des-travailleurs-78.fr\/index.php\/wp-json\/wp\/v2\/media?parent=1005"}],"wp:term":[{"taxonomy":"category","embeddable":true,"href":"https:\/\/parti-des-travailleurs-78.fr\/index.php\/wp-json\/wp\/v2\/categories?post=1005"},{"taxonomy":"post_tag","embeddable":true,"href":"https:\/\/parti-des-travailleurs-78.fr\/index.php\/wp-json\/wp\/v2\/tags?post=1005"}],"curies":[{"name":"wp","href":"https:\/\/api.w.org\/{rel}","templated":true}]}}