{"id":1052,"date":"2024-11-26T15:46:35","date_gmt":"2024-11-26T14:46:35","guid":{"rendered":"https:\/\/parti-des-travailleurs-78.fr\/?p=1052"},"modified":"2025-01-15T20:19:26","modified_gmt":"2025-01-15T19:19:26","slug":"contre-la-liquidation-des-services-publicsle-combat-de-resistance-est-engage","status":"publish","type":"post","link":"https:\/\/parti-des-travailleurs-78.fr\/index.php\/2024\/11\/26\/contre-la-liquidation-des-services-publicsle-combat-de-resistance-est-engage\/","title":{"rendered":"Contre la liquidation des services publics,le combat de r\u00e9sistance est engag\u00e9"},"content":{"rendered":"<a href=\"https:\/\/parti-des-travailleurs-78.fr\/wp-content\/uploads\/2024\/12\/26-11-24_Parti-des-travailleurs_tract.pdf\" class=\"pdfemb-viewer\" style=\"\" data-width=\"max\" data-height=\"max\" data-toolbar=\"bottom\" data-toolbar-fixed=\"off\">26-11-24_Parti-des-travailleurs_tract<\/a>","protected":false},"excerpt":{"rendered":"<p>Le projet de loi de finances du gouvernement Macron-Barnier s\u2019appr\u00eate \u00e0 porter un coup majeur aux services publics locaux en coupant 10 milliards dans les budgets des collectivit\u00e9s territoriales.<br \/>\nCr\u00e8ches, cantines, centres de loisirs, centres de sant\u00e9, \u00e9coles, logement, voirie&#8230; Autant de services r\u00e9pondant aux besoins de la population qui seraient drastiquement r\u00e9duits en raison de ces coupes&#8230;<\/p>\n","protected":false},"author":1,"featured_media":159,"comment_status":"closed","ping_status":"closed","sticky":false,"template":"","format":"standard","meta":{"footnotes":""},"categories":[14],"tags":[15],"class_list":["post-1052","post","type-post","status-publish","format-standard","has-post-thumbnail","hentry","category-tracts","tag-tracts"],"yoast_head":"<!-- This site is optimized with the Yoast SEO plugin v26.1.1 - https:\/\/yoast.com\/wordpress\/plugins\/seo\/ -->\n<title>Contre la liquidation des services publics,le combat de r\u00e9sistance est engag\u00e9 - Parti des travailleurs | Yvelines<\/title>\n<meta name=\"robots\" content=\"index, follow, max-snippet:-1, max-image-preview:large, max-video-preview:-1\" \/>\n<link rel=\"canonical\" href=\"https:\/\/parti-des-travailleurs-78.fr\/index.php\/2024\/11\/26\/contre-la-liquidation-des-services-publicsle-combat-de-resistance-est-engage\/\" \/>\n<meta property=\"og:locale\" content=\"fr_FR\" \/>\n<meta property=\"og:type\" content=\"article\" \/>\n<meta property=\"og:title\" content=\"Contre la liquidation des services publics,le combat de r\u00e9sistance est engag\u00e9 - Parti des travailleurs | Yvelines\" \/>\n<meta property=\"og:description\" content=\"Le projet de loi de finances du gouvernement Macron-Barnier s\u2019appr\u00eate \u00e0 porter un coup majeur aux services publics locaux en coupant 10 milliards dans les budgets des collectivit\u00e9s territoriales. Cr\u00e8ches, cantines, centres de loisirs, centres de sant\u00e9, \u00e9coles, logement, voirie... Autant de services r\u00e9pondant aux besoins de la population qui seraient drastiquement r\u00e9duits en raison de ces coupes...\" \/>\n<meta property=\"og:url\" content=\"https:\/\/parti-des-travailleurs-78.fr\/index.php\/2024\/11\/26\/contre-la-liquidation-des-services-publicsle-combat-de-resistance-est-engage\/\" \/>\n<meta property=\"og:site_name\" content=\"Parti des travailleurs | Yvelines\" \/>\n<meta property=\"article:published_time\" content=\"2024-11-26T14:46:35+00:00\" \/>\n<meta property=\"article:modified_time\" content=\"2025-01-15T19:19:26+00:00\" \/>\n<meta property=\"og:image\" content=\"https:\/\/parti-des-travailleurs-78.fr\/wp-content\/uploads\/2023\/01\/TRACTS.png\" \/>\n\t<meta property=\"og:image:width\" content=\"404\" \/>\n\t<meta property=\"og:image:height\" content=\"354\" \/>\n\t<meta property=\"og:image:type\" content=\"image\/png\" \/>\n<meta name=\"author\" content=\"Elundmin\" \/>\n<meta name=\"twitter:card\" content=\"summary_large_image\" \/>\n<meta name=\"twitter:label1\" content=\"\u00c9crit par\" \/>\n\t<meta name=\"twitter:data1\" content=\"Elundmin\" \/>\n\t<meta name=\"twitter:label2\" content=\"Dur\u00e9e de lecture estim\u00e9e\" \/>\n\t<meta name=\"twitter:data2\" content=\"1 minute\" \/>\n<script type=\"application\/ld+json\" class=\"yoast-schema-graph\">{\"@context\":\"https:\/\/schema.org\",\"@graph\":[{\"@type\":\"Article\",\"@id\":\"https:\/\/parti-des-travailleurs-78.fr\/index.php\/2024\/11\/26\/contre-la-liquidation-des-services-publicsle-combat-de-resistance-est-engage\/#article\",\"isPartOf\":{\"@id\":\"https:\/\/parti-des-travailleurs-78.fr\/index.php\/2024\/11\/26\/contre-la-liquidation-des-services-publicsle-combat-de-resistance-est-engage\/\"},\"author\":{\"name\":\"Elundmin\",\"@id\":\"https:\/\/parti-des-travailleurs-78.fr\/#\/schema\/person\/f79ec75f85e9a8cd0a75a9fae65268d6\"},\"headline\":\"Contre la liquidation des services publics,le combat de r\u00e9sistance est engag\u00e9\",\"datePublished\":\"2024-11-26T14:46:35+00:00\",\"dateModified\":\"2025-01-15T19:19:26+00:00\",\"mainEntityOfPage\":{\"@id\":\"https:\/\/parti-des-travailleurs-78.fr\/index.php\/2024\/11\/26\/contre-la-liquidation-des-services-publicsle-combat-de-resistance-est-engage\/\"},\"wordCount\":13,\"publisher\":{\"@id\":\"https:\/\/parti-des-travailleurs-78.fr\/#organization\"},\"image\":{\"@id\":\"https:\/\/parti-des-travailleurs-78.fr\/index.php\/2024\/11\/26\/contre-la-liquidation-des-services-publicsle-combat-de-resistance-est-engage\/#primaryimage\"},\"thumbnailUrl\":\"https:\/\/parti-des-travailleurs-78.fr\/wp-content\/uploads\/2023\/01\/TRACTS.png\",\"keywords\":[\"tracts\"],\"articleSection\":[\"Tracts\"],\"inLanguage\":\"fr-FR\"},{\"@type\":\"WebPage\",\"@id\":\"https:\/\/parti-des-travailleurs-78.fr\/index.php\/2024\/11\/26\/contre-la-liquidation-des-services-publicsle-combat-de-resistance-est-engage\/\",\"url\":\"https:\/\/parti-des-travailleurs-78.fr\/index.php\/2024\/11\/26\/contre-la-liquidation-des-services-publicsle-combat-de-resistance-est-engage\/\",\"name\":\"Contre la liquidation des services publics,le combat de r\u00e9sistance est engag\u00e9 - Parti des travailleurs | Yvelines\",\"isPartOf\":{\"@id\":\"https:\/\/parti-des-travailleurs-78.fr\/#website\"},\"primaryImageOfPage\":{\"@id\":\"https:\/\/parti-des-travailleurs-78.fr\/index.php\/2024\/11\/26\/contre-la-liquidation-des-services-publicsle-combat-de-resistance-est-engage\/#primaryimage\"},\"image\":{\"@id\":\"https:\/\/parti-des-travailleurs-78.fr\/index.php\/2024\/11\/26\/contre-la-liquidation-des-services-publicsle-combat-de-resistance-est-engage\/#primaryimage\"},\"thumbnailUrl\":\"https:\/\/parti-des-travailleurs-78.fr\/wp-content\/uploads\/2023\/01\/TRACTS.png\",\"datePublished\":\"2024-11-26T14:46:35+00:00\",\"dateModified\":\"2025-01-15T19:19:26+00:00\",\"breadcrumb\":{\"@id\":\"https:\/\/parti-des-travailleurs-78.fr\/index.php\/2024\/11\/26\/contre-la-liquidation-des-services-publicsle-combat-de-resistance-est-engage\/#breadcrumb\"},\"inLanguage\":\"fr-FR\",\"potentialAction\":[{\"@type\":\"ReadAction\",\"target\":[\"https:\/\/parti-des-travailleurs-78.fr\/index.php\/2024\/11\/26\/contre-la-liquidation-des-services-publicsle-combat-de-resistance-est-engage\/\"]}]},{\"@type\":\"ImageObject\",\"inLanguage\":\"fr-FR\",\"@id\":\"https:\/\/parti-des-travailleurs-78.fr\/index.php\/2024\/11\/26\/contre-la-liquidation-des-services-publicsle-combat-de-resistance-est-engage\/#primaryimage\",\"url\":\"https:\/\/parti-des-travailleurs-78.fr\/wp-content\/uploads\/2023\/01\/TRACTS.png\",\"contentUrl\":\"https:\/\/parti-des-travailleurs-78.fr\/wp-content\/uploads\/2023\/01\/TRACTS.png\",\"width\":404,\"height\":354,\"caption\":\"TRACTS\"},{\"@type\":\"BreadcrumbList\",\"@id\":\"https:\/\/parti-des-travailleurs-78.fr\/index.php\/2024\/11\/26\/contre-la-liquidation-des-services-publicsle-combat-de-resistance-est-engage\/#breadcrumb\",\"itemListElement\":[{\"@type\":\"ListItem\",\"position\":1,\"name\":\"Accueil\",\"item\":\"https:\/\/parti-des-travailleurs-78.fr\/\"},{\"@type\":\"ListItem\",\"position\":2,\"name\":\"Contre la liquidation des services publics,le combat de r\u00e9sistance est engag\u00e9\"}]},{\"@type\":\"WebSite\",\"@id\":\"https:\/\/parti-des-travailleurs-78.fr\/#website\",\"url\":\"https:\/\/parti-des-travailleurs-78.fr\/\",\"name\":\"Parti des travailleurs | Yvelines\",\"description\":\"\",\"publisher\":{\"@id\":\"https:\/\/parti-des-travailleurs-78.fr\/#organization\"},\"potentialAction\":[{\"@type\":\"SearchAction\",\"target\":{\"@type\":\"EntryPoint\",\"urlTemplate\":\"https:\/\/parti-des-travailleurs-78.fr\/?s={search_term_string}\"},\"query-input\":{\"@type\":\"PropertyValueSpecification\",\"valueRequired\":true,\"valueName\":\"search_term_string\"}}],\"inLanguage\":\"fr-FR\"},{\"@type\":\"Organization\",\"@id\":\"https:\/\/parti-des-travailleurs-78.fr\/#organization\",\"name\":\"Parti des travailleurs | Yvelines\",\"url\":\"https:\/\/parti-des-travailleurs-78.fr\/\",\"logo\":{\"@type\":\"ImageObject\",\"inLanguage\":\"fr-FR\",\"@id\":\"https:\/\/parti-des-travailleurs-78.fr\/#\/schema\/logo\/image\/\",\"url\":\"https:\/\/parti-des-travailleurs-78.fr\/wp-content\/uploads\/2023\/12\/cropped-Logo_Parti_des_travailleurs.png\",\"contentUrl\":\"https:\/\/parti-des-travailleurs-78.fr\/wp-content\/uploads\/2023\/12\/cropped-Logo_Parti_des_travailleurs.png\",\"width\":512,\"height\":512,\"caption\":\"Parti des travailleurs | Yvelines\"},\"image\":{\"@id\":\"https:\/\/parti-des-travailleurs-78.fr\/#\/schema\/logo\/image\/\"}},{\"@type\":\"Person\",\"@id\":\"https:\/\/parti-des-travailleurs-78.fr\/#\/schema\/person\/f79ec75f85e9a8cd0a75a9fae65268d6\",\"name\":\"Elundmin\",\"image\":{\"@type\":\"ImageObject\",\"inLanguage\":\"fr-FR\",\"@id\":\"https:\/\/parti-des-travailleurs-78.fr\/#\/schema\/person\/image\/\",\"url\":\"https:\/\/secure.gravatar.com\/avatar\/8d6749b64063ab9baa13169e3cff7275b20043b38a7d0c865ab81e304ceaa9b2?s=96&d=mm&r=g\",\"contentUrl\":\"https:\/\/secure.gravatar.com\/avatar\/8d6749b64063ab9baa13169e3cff7275b20043b38a7d0c865ab81e304ceaa9b2?s=96&d=mm&r=g\",\"caption\":\"Elundmin\"},\"sameAs\":[\"http:\/\/wwazwed.cluster030.hosting.ovh.net\"],\"url\":\"https:\/\/parti-des-travailleurs-78.fr\/index.php\/author\/elundmin\/\"}]}<\/script>\n<!-- \/ Yoast SEO plugin. -->","yoast_head_json":{"title":"Contre la liquidation des services publics,le combat de r\u00e9sistance est engag\u00e9 - Parti des travailleurs | Yvelines","robots":{"index":"index","follow":"follow","max-snippet":"max-snippet:-1","max-image-preview":"max-image-preview:large","max-video-preview":"max-video-preview:-1"},"canonical":"https:\/\/parti-des-travailleurs-78.fr\/index.php\/2024\/11\/26\/contre-la-liquidation-des-services-publicsle-combat-de-resistance-est-engage\/","og_locale":"fr_FR","og_type":"article","og_title":"Contre la liquidation des services publics,le combat de r\u00e9sistance est engag\u00e9 - Parti des travailleurs | Yvelines","og_description":"Le projet de loi de finances du gouvernement Macron-Barnier s\u2019appr\u00eate \u00e0 porter un coup majeur aux services publics locaux en coupant 10 milliards dans les budgets des collectivit\u00e9s territoriales. Cr\u00e8ches, cantines, centres de loisirs, centres de sant\u00e9, \u00e9coles, logement, voirie... Autant de services r\u00e9pondant aux besoins de la population qui seraient drastiquement r\u00e9duits en raison de ces coupes...","og_url":"https:\/\/parti-des-travailleurs-78.fr\/index.php\/2024\/11\/26\/contre-la-liquidation-des-services-publicsle-combat-de-resistance-est-engage\/","og_site_name":"Parti des travailleurs | Yvelines","article_published_time":"2024-11-26T14:46:35+00:00","article_modified_time":"2025-01-15T19:19:26+00:00","og_image":[{"width":404,"height":354,"url":"https:\/\/parti-des-travailleurs-78.fr\/wp-content\/uploads\/2023\/01\/TRACTS.png","type":"image\/png"}],"author":"Elundmin","twitter_card":"summary_large_image","twitter_misc":{"\u00c9crit par":"Elundmin","Dur\u00e9e de lecture estim\u00e9e":"1 minute"},"schema":{"@context":"https:\/\/schema.org","@graph":[{"@type":"Article","@id":"https:\/\/parti-des-travailleurs-78.fr\/index.php\/2024\/11\/26\/contre-la-liquidation-des-services-publicsle-combat-de-resistance-est-engage\/#article","isPartOf":{"@id":"https:\/\/parti-des-travailleurs-78.fr\/index.php\/2024\/11\/26\/contre-la-liquidation-des-services-publicsle-combat-de-resistance-est-engage\/"},"author":{"name":"Elundmin","@id":"https:\/\/parti-des-travailleurs-78.fr\/#\/schema\/person\/f79ec75f85e9a8cd0a75a9fae65268d6"},"headline":"Contre la liquidation des services publics,le combat de r\u00e9sistance est engag\u00e9","datePublished":"2024-11-26T14:46:35+00:00","dateModified":"2025-01-15T19:19:26+00:00","mainEntityOfPage":{"@id":"https:\/\/parti-des-travailleurs-78.fr\/index.php\/2024\/11\/26\/contre-la-liquidation-des-services-publicsle-combat-de-resistance-est-engage\/"},"wordCount":13,"publisher":{"@id":"https:\/\/parti-des-travailleurs-78.fr\/#organization"},"image":{"@id":"https:\/\/parti-des-travailleurs-78.fr\/index.php\/2024\/11\/26\/contre-la-liquidation-des-services-publicsle-combat-de-resistance-est-engage\/#primaryimage"},"thumbnailUrl":"https:\/\/parti-des-travailleurs-78.fr\/wp-content\/uploads\/2023\/01\/TRACTS.png","keywords":["tracts"],"articleSection":["Tracts"],"inLanguage":"fr-FR"},{"@type":"WebPage","@id":"https:\/\/parti-des-travailleurs-78.fr\/index.php\/2024\/11\/26\/contre-la-liquidation-des-services-publicsle-combat-de-resistance-est-engage\/","url":"https:\/\/parti-des-travailleurs-78.fr\/index.php\/2024\/11\/26\/contre-la-liquidation-des-services-publicsle-combat-de-resistance-est-engage\/","name":"Contre la liquidation des services publics,le combat de r\u00e9sistance est engag\u00e9 - Parti des travailleurs | Yvelines","isPartOf":{"@id":"https:\/\/parti-des-travailleurs-78.fr\/#website"},"primaryImageOfPage":{"@id":"https:\/\/parti-des-travailleurs-78.fr\/index.php\/2024\/11\/26\/contre-la-liquidation-des-services-publicsle-combat-de-resistance-est-engage\/#primaryimage"},"image":{"@id":"https:\/\/parti-des-travailleurs-78.fr\/index.php\/2024\/11\/26\/contre-la-liquidation-des-services-publicsle-combat-de-resistance-est-engage\/#primaryimage"},"thumbnailUrl":"https:\/\/parti-des-travailleurs-78.fr\/wp-content\/uploads\/2023\/01\/TRACTS.png","datePublished":"2024-11-26T14:46:35+00:00","dateModified":"2025-01-15T19:19:26+00:00","breadcrumb":{"@id":"https:\/\/parti-des-travailleurs-78.fr\/index.php\/2024\/11\/26\/contre-la-liquidation-des-services-publicsle-combat-de-resistance-est-engage\/#breadcrumb"},"inLanguage":"fr-FR","potentialAction":[{"@type":"ReadAction","target":["https:\/\/parti-des-travailleurs-78.fr\/index.php\/2024\/11\/26\/contre-la-liquidation-des-services-publicsle-combat-de-resistance-est-engage\/"]}]},{"@type":"ImageObject","inLanguage":"fr-FR","@id":"https:\/\/parti-des-travailleurs-78.fr\/index.php\/2024\/11\/26\/contre-la-liquidation-des-services-publicsle-combat-de-resistance-est-engage\/#primaryimage","url":"https:\/\/parti-des-travailleurs-78.fr\/wp-content\/uploads\/2023\/01\/TRACTS.png","contentUrl":"https:\/\/parti-des-travailleurs-78.fr\/wp-content\/uploads\/2023\/01\/TRACTS.png","width":404,"height":354,"caption":"TRACTS"},{"@type":"BreadcrumbList","@id":"https:\/\/parti-des-travailleurs-78.fr\/index.php\/2024\/11\/26\/contre-la-liquidation-des-services-publicsle-combat-de-resistance-est-engage\/#breadcrumb","itemListElement":[{"@type":"ListItem","position":1,"name":"Accueil","item":"https:\/\/parti-des-travailleurs-78.fr\/"},{"@type":"ListItem","position":2,"name":"Contre la liquidation des services publics,le combat de r\u00e9sistance est engag\u00e9"}]},{"@type":"WebSite","@id":"https:\/\/parti-des-travailleurs-78.fr\/#website","url":"https:\/\/parti-des-travailleurs-78.fr\/","name":"Parti des travailleurs | Yvelines","description":"","publisher":{"@id":"https:\/\/parti-des-travailleurs-78.fr\/#organization"},"potentialAction":[{"@type":"SearchAction","target":{"@type":"EntryPoint","urlTemplate":"https:\/\/parti-des-travailleurs-78.fr\/?s={search_term_string}"},"query-input":{"@type":"PropertyValueSpecification","valueRequired":true,"valueName":"search_term_string"}}],"inLanguage":"fr-FR"},{"@type":"Organization","@id":"https:\/\/parti-des-travailleurs-78.fr\/#organization","name":"Parti des travailleurs | Yvelines","url":"https:\/\/parti-des-travailleurs-78.fr\/","logo":{"@type":"ImageObject","inLanguage":"fr-FR","@id":"https:\/\/parti-des-travailleurs-78.fr\/#\/schema\/logo\/image\/","url":"https:\/\/parti-des-travailleurs-78.fr\/wp-content\/uploads\/2023\/12\/cropped-Logo_Parti_des_travailleurs.png","contentUrl":"https:\/\/parti-des-travailleurs-78.fr\/wp-content\/uploads\/2023\/12\/cropped-Logo_Parti_des_travailleurs.png","width":512,"height":512,"caption":"Parti des travailleurs | Yvelines"},"image":{"@id":"https:\/\/parti-des-travailleurs-78.fr\/#\/schema\/logo\/image\/"}},{"@type":"Person","@id":"https:\/\/parti-des-travailleurs-78.fr\/#\/schema\/person\/f79ec75f85e9a8cd0a75a9fae65268d6","name":"Elundmin","image":{"@type":"ImageObject","inLanguage":"fr-FR","@id":"https:\/\/parti-des-travailleurs-78.fr\/#\/schema\/person\/image\/","url":"https:\/\/secure.gravatar.com\/avatar\/8d6749b64063ab9baa13169e3cff7275b20043b38a7d0c865ab81e304ceaa9b2?s=96&d=mm&r=g","contentUrl":"https:\/\/secure.gravatar.com\/avatar\/8d6749b64063ab9baa13169e3cff7275b20043b38a7d0c865ab81e304ceaa9b2?s=96&d=mm&r=g","caption":"Elundmin"},"sameAs":["http:\/\/wwazwed.cluster030.hosting.ovh.net"],"url":"https:\/\/parti-des-travailleurs-78.fr\/index.php\/author\/elundmin\/"}]}},"_links":{"self":[{"href":"https:\/\/parti-des-travailleurs-78.fr\/index.php\/wp-json\/wp\/v2\/posts\/1052","targetHints":{"allow":["GET"]}}],"collection":[{"href":"https:\/\/parti-des-travailleurs-78.fr\/index.php\/wp-json\/wp\/v2\/posts"}],"about":[{"href":"https:\/\/parti-des-travailleurs-78.fr\/index.php\/wp-json\/wp\/v2\/types\/post"}],"author":[{"embeddable":true,"href":"https:\/\/parti-des-travailleurs-78.fr\/index.php\/wp-json\/wp\/v2\/users\/1"}],"replies":[{"embeddable":true,"href":"https:\/\/parti-des-travailleurs-78.fr\/index.php\/wp-json\/wp\/v2\/comments?post=1052"}],"version-history":[{"count":1,"href":"https:\/\/parti-des-travailleurs-78.fr\/index.php\/wp-json\/wp\/v2\/posts\/1052\/revisions"}],"predecessor-version":[{"id":1054,"href":"https:\/\/parti-des-travailleurs-78.fr\/index.php\/wp-json\/wp\/v2\/posts\/1052\/revisions\/1054"}],"wp:featuredmedia":[{"embeddable":true,"href":"https:\/\/parti-des-travailleurs-78.fr\/index.php\/wp-json\/wp\/v2\/media\/159"}],"wp:attachment":[{"href":"https:\/\/parti-des-travailleurs-78.fr\/index.php\/wp-json\/wp\/v2\/media?parent=1052"}],"wp:term":[{"taxonomy":"category","embeddable":true,"href":"https:\/\/parti-des-travailleurs-78.fr\/index.php\/wp-json\/wp\/v2\/categories?post=1052"},{"taxonomy":"post_tag","embeddable":true,"href":"https:\/\/parti-des-travailleurs-78.fr\/index.php\/wp-json\/wp\/v2\/tags?post=1052"}],"curies":[{"name":"wp","href":"https:\/\/api.w.org\/{rel}","templated":true}]}}