{"id":166,"date":"2023-03-10T21:10:00","date_gmt":"2023-03-10T20:10:00","guid":{"rendered":"https:\/\/poid-78.fr\/?p=166"},"modified":"2024-05-25T17:21:43","modified_gmt":"2024-05-25T15:21:43","slug":"reforme-des-retraites-nouveau-coup-de-force-de-macron-au-senat","status":"publish","type":"post","link":"https:\/\/parti-des-travailleurs-78.fr\/index.php\/2023\/03\/10\/reforme-des-retraites-nouveau-coup-de-force-de-macron-au-senat\/","title":{"rendered":"R\u00e9forme des retraites : nouveau coup de force de Macron au S\u00e9nat !"},"content":{"rendered":"<a href=\"https:\/\/parti-des-travailleurs-78.fr\/wp-content\/uploads\/2023\/03\/10-03-23_POID_tract.pdf\" class=\"pdfemb-viewer\" style=\"\" data-width=\"max\" data-height=\"max\" data-toolbar=\"bottom\" data-toolbar-fixed=\"off\">10-03-23_POID_tract<\/a>\n<p class=\"wp-block-pdfemb-pdf-embedder-viewer\"><\/p>\n","protected":false},"excerpt":{"rendered":"<p>\u00c0 six reprises, par millions et par millions, les travailleurs et les jeunes ont r\u00e9pondu \u00e0 l\u2019appel de l\u2019intersyndicale. Ils ont fait gr\u00e8ve et ont manifest\u00e9 dans tout le pays pour exiger le retrait de la r\u00e9forme Macron-Borne.<br \/>\n\u00c0 six reprises par millions, et le gouvernement refuse d\u2019entendre. &#8230;<\/p>\n","protected":false},"author":1,"featured_media":159,"comment_status":"closed","ping_status":"closed","sticky":false,"template":"","format":"standard","meta":{"footnotes":""},"categories":[14],"tags":[15],"class_list":["post-166","post","type-post","status-publish","format-standard","has-post-thumbnail","hentry","category-tracts","tag-tracts"],"yoast_head":"<!-- This site is optimized with the Yoast SEO plugin v26.1.1 - https:\/\/yoast.com\/wordpress\/plugins\/seo\/ -->\n<title>R\u00e9forme des retraites : nouveau coup de force de Macron au S\u00e9nat ! - Parti des travailleurs | Yvelines<\/title>\n<meta name=\"robots\" content=\"index, follow, max-snippet:-1, max-image-preview:large, max-video-preview:-1\" \/>\n<link rel=\"canonical\" href=\"https:\/\/parti-des-travailleurs-78.fr\/index.php\/2023\/03\/10\/reforme-des-retraites-nouveau-coup-de-force-de-macron-au-senat\/\" \/>\n<meta property=\"og:locale\" content=\"fr_FR\" \/>\n<meta property=\"og:type\" content=\"article\" \/>\n<meta property=\"og:title\" content=\"R\u00e9forme des retraites : nouveau coup de force de Macron au S\u00e9nat ! - Parti des travailleurs | Yvelines\" \/>\n<meta property=\"og:description\" content=\"\u00c0 six reprises, par millions et par millions, les travailleurs et les jeunes ont r\u00e9pondu \u00e0 l\u2019appel de l\u2019intersyndicale. Ils ont fait gr\u00e8ve et ont manifest\u00e9 dans tout le pays pour exiger le retrait de la r\u00e9forme Macron-Borne. \u00c0 six reprises par millions, et le gouvernement refuse d\u2019entendre. ...\" \/>\n<meta property=\"og:url\" content=\"https:\/\/parti-des-travailleurs-78.fr\/index.php\/2023\/03\/10\/reforme-des-retraites-nouveau-coup-de-force-de-macron-au-senat\/\" \/>\n<meta property=\"og:site_name\" content=\"Parti des travailleurs | Yvelines\" \/>\n<meta property=\"article:published_time\" content=\"2023-03-10T20:10:00+00:00\" \/>\n<meta property=\"article:modified_time\" content=\"2024-05-25T15:21:43+00:00\" \/>\n<meta property=\"og:image\" content=\"https:\/\/parti-des-travailleurs-78.fr\/wp-content\/uploads\/2023\/01\/TRACTS.png\" \/>\n\t<meta property=\"og:image:width\" content=\"404\" \/>\n\t<meta property=\"og:image:height\" content=\"354\" \/>\n\t<meta property=\"og:image:type\" content=\"image\/png\" \/>\n<meta name=\"author\" content=\"Elundmin\" \/>\n<meta name=\"twitter:card\" content=\"summary_large_image\" \/>\n<meta name=\"twitter:label1\" content=\"\u00c9crit par\" \/>\n\t<meta name=\"twitter:data1\" content=\"Elundmin\" \/>\n\t<meta name=\"twitter:label2\" content=\"Dur\u00e9e de lecture estim\u00e9e\" \/>\n\t<meta name=\"twitter:data2\" content=\"1 minute\" \/>\n<script type=\"application\/ld+json\" class=\"yoast-schema-graph\">{\"@context\":\"https:\/\/schema.org\",\"@graph\":[{\"@type\":\"Article\",\"@id\":\"https:\/\/parti-des-travailleurs-78.fr\/index.php\/2023\/03\/10\/reforme-des-retraites-nouveau-coup-de-force-de-macron-au-senat\/#article\",\"isPartOf\":{\"@id\":\"https:\/\/parti-des-travailleurs-78.fr\/index.php\/2023\/03\/10\/reforme-des-retraites-nouveau-coup-de-force-de-macron-au-senat\/\"},\"author\":{\"name\":\"Elundmin\",\"@id\":\"https:\/\/parti-des-travailleurs-78.fr\/#\/schema\/person\/f79ec75f85e9a8cd0a75a9fae65268d6\"},\"headline\":\"R\u00e9forme des retraites : nouveau coup de force de Macron au S\u00e9nat !\",\"datePublished\":\"2023-03-10T20:10:00+00:00\",\"dateModified\":\"2024-05-25T15:21:43+00:00\",\"mainEntityOfPage\":{\"@id\":\"https:\/\/parti-des-travailleurs-78.fr\/index.php\/2023\/03\/10\/reforme-des-retraites-nouveau-coup-de-force-de-macron-au-senat\/\"},\"wordCount\":13,\"publisher\":{\"@id\":\"https:\/\/parti-des-travailleurs-78.fr\/#organization\"},\"image\":{\"@id\":\"https:\/\/parti-des-travailleurs-78.fr\/index.php\/2023\/03\/10\/reforme-des-retraites-nouveau-coup-de-force-de-macron-au-senat\/#primaryimage\"},\"thumbnailUrl\":\"https:\/\/parti-des-travailleurs-78.fr\/wp-content\/uploads\/2023\/01\/TRACTS.png\",\"keywords\":[\"tracts\"],\"articleSection\":[\"Tracts\"],\"inLanguage\":\"fr-FR\"},{\"@type\":\"WebPage\",\"@id\":\"https:\/\/parti-des-travailleurs-78.fr\/index.php\/2023\/03\/10\/reforme-des-retraites-nouveau-coup-de-force-de-macron-au-senat\/\",\"url\":\"https:\/\/parti-des-travailleurs-78.fr\/index.php\/2023\/03\/10\/reforme-des-retraites-nouveau-coup-de-force-de-macron-au-senat\/\",\"name\":\"R\u00e9forme des retraites : nouveau coup de force de Macron au S\u00e9nat ! - Parti des travailleurs | Yvelines\",\"isPartOf\":{\"@id\":\"https:\/\/parti-des-travailleurs-78.fr\/#website\"},\"primaryImageOfPage\":{\"@id\":\"https:\/\/parti-des-travailleurs-78.fr\/index.php\/2023\/03\/10\/reforme-des-retraites-nouveau-coup-de-force-de-macron-au-senat\/#primaryimage\"},\"image\":{\"@id\":\"https:\/\/parti-des-travailleurs-78.fr\/index.php\/2023\/03\/10\/reforme-des-retraites-nouveau-coup-de-force-de-macron-au-senat\/#primaryimage\"},\"thumbnailUrl\":\"https:\/\/parti-des-travailleurs-78.fr\/wp-content\/uploads\/2023\/01\/TRACTS.png\",\"datePublished\":\"2023-03-10T20:10:00+00:00\",\"dateModified\":\"2024-05-25T15:21:43+00:00\",\"breadcrumb\":{\"@id\":\"https:\/\/parti-des-travailleurs-78.fr\/index.php\/2023\/03\/10\/reforme-des-retraites-nouveau-coup-de-force-de-macron-au-senat\/#breadcrumb\"},\"inLanguage\":\"fr-FR\",\"potentialAction\":[{\"@type\":\"ReadAction\",\"target\":[\"https:\/\/parti-des-travailleurs-78.fr\/index.php\/2023\/03\/10\/reforme-des-retraites-nouveau-coup-de-force-de-macron-au-senat\/\"]}]},{\"@type\":\"ImageObject\",\"inLanguage\":\"fr-FR\",\"@id\":\"https:\/\/parti-des-travailleurs-78.fr\/index.php\/2023\/03\/10\/reforme-des-retraites-nouveau-coup-de-force-de-macron-au-senat\/#primaryimage\",\"url\":\"https:\/\/parti-des-travailleurs-78.fr\/wp-content\/uploads\/2023\/01\/TRACTS.png\",\"contentUrl\":\"https:\/\/parti-des-travailleurs-78.fr\/wp-content\/uploads\/2023\/01\/TRACTS.png\",\"width\":404,\"height\":354,\"caption\":\"TRACTS\"},{\"@type\":\"BreadcrumbList\",\"@id\":\"https:\/\/parti-des-travailleurs-78.fr\/index.php\/2023\/03\/10\/reforme-des-retraites-nouveau-coup-de-force-de-macron-au-senat\/#breadcrumb\",\"itemListElement\":[{\"@type\":\"ListItem\",\"position\":1,\"name\":\"Accueil\",\"item\":\"https:\/\/parti-des-travailleurs-78.fr\/\"},{\"@type\":\"ListItem\",\"position\":2,\"name\":\"R\u00e9forme des retraites : nouveau coup de force de Macron au S\u00e9nat !\"}]},{\"@type\":\"WebSite\",\"@id\":\"https:\/\/parti-des-travailleurs-78.fr\/#website\",\"url\":\"https:\/\/parti-des-travailleurs-78.fr\/\",\"name\":\"Parti des travailleurs | Yvelines\",\"description\":\"\",\"publisher\":{\"@id\":\"https:\/\/parti-des-travailleurs-78.fr\/#organization\"},\"potentialAction\":[{\"@type\":\"SearchAction\",\"target\":{\"@type\":\"EntryPoint\",\"urlTemplate\":\"https:\/\/parti-des-travailleurs-78.fr\/?s={search_term_string}\"},\"query-input\":{\"@type\":\"PropertyValueSpecification\",\"valueRequired\":true,\"valueName\":\"search_term_string\"}}],\"inLanguage\":\"fr-FR\"},{\"@type\":\"Organization\",\"@id\":\"https:\/\/parti-des-travailleurs-78.fr\/#organization\",\"name\":\"Parti des travailleurs | Yvelines\",\"url\":\"https:\/\/parti-des-travailleurs-78.fr\/\",\"logo\":{\"@type\":\"ImageObject\",\"inLanguage\":\"fr-FR\",\"@id\":\"https:\/\/parti-des-travailleurs-78.fr\/#\/schema\/logo\/image\/\",\"url\":\"https:\/\/parti-des-travailleurs-78.fr\/wp-content\/uploads\/2023\/12\/cropped-Logo_Parti_des_travailleurs.png\",\"contentUrl\":\"https:\/\/parti-des-travailleurs-78.fr\/wp-content\/uploads\/2023\/12\/cropped-Logo_Parti_des_travailleurs.png\",\"width\":512,\"height\":512,\"caption\":\"Parti des travailleurs | Yvelines\"},\"image\":{\"@id\":\"https:\/\/parti-des-travailleurs-78.fr\/#\/schema\/logo\/image\/\"}},{\"@type\":\"Person\",\"@id\":\"https:\/\/parti-des-travailleurs-78.fr\/#\/schema\/person\/f79ec75f85e9a8cd0a75a9fae65268d6\",\"name\":\"Elundmin\",\"image\":{\"@type\":\"ImageObject\",\"inLanguage\":\"fr-FR\",\"@id\":\"https:\/\/parti-des-travailleurs-78.fr\/#\/schema\/person\/image\/\",\"url\":\"https:\/\/secure.gravatar.com\/avatar\/8d6749b64063ab9baa13169e3cff7275b20043b38a7d0c865ab81e304ceaa9b2?s=96&d=mm&r=g\",\"contentUrl\":\"https:\/\/secure.gravatar.com\/avatar\/8d6749b64063ab9baa13169e3cff7275b20043b38a7d0c865ab81e304ceaa9b2?s=96&d=mm&r=g\",\"caption\":\"Elundmin\"},\"sameAs\":[\"http:\/\/wwazwed.cluster030.hosting.ovh.net\"],\"url\":\"https:\/\/parti-des-travailleurs-78.fr\/index.php\/author\/elundmin\/\"}]}<\/script>\n<!-- \/ Yoast SEO plugin. -->","yoast_head_json":{"title":"R\u00e9forme des retraites : nouveau coup de force de Macron au S\u00e9nat ! - Parti des travailleurs | Yvelines","robots":{"index":"index","follow":"follow","max-snippet":"max-snippet:-1","max-image-preview":"max-image-preview:large","max-video-preview":"max-video-preview:-1"},"canonical":"https:\/\/parti-des-travailleurs-78.fr\/index.php\/2023\/03\/10\/reforme-des-retraites-nouveau-coup-de-force-de-macron-au-senat\/","og_locale":"fr_FR","og_type":"article","og_title":"R\u00e9forme des retraites : nouveau coup de force de Macron au S\u00e9nat ! - Parti des travailleurs | Yvelines","og_description":"\u00c0 six reprises, par millions et par millions, les travailleurs et les jeunes ont r\u00e9pondu \u00e0 l\u2019appel de l\u2019intersyndicale. Ils ont fait gr\u00e8ve et ont manifest\u00e9 dans tout le pays pour exiger le retrait de la r\u00e9forme Macron-Borne. \u00c0 six reprises par millions, et le gouvernement refuse d\u2019entendre. ...","og_url":"https:\/\/parti-des-travailleurs-78.fr\/index.php\/2023\/03\/10\/reforme-des-retraites-nouveau-coup-de-force-de-macron-au-senat\/","og_site_name":"Parti des travailleurs | Yvelines","article_published_time":"2023-03-10T20:10:00+00:00","article_modified_time":"2024-05-25T15:21:43+00:00","og_image":[{"width":404,"height":354,"url":"https:\/\/parti-des-travailleurs-78.fr\/wp-content\/uploads\/2023\/01\/TRACTS.png","type":"image\/png"}],"author":"Elundmin","twitter_card":"summary_large_image","twitter_misc":{"\u00c9crit par":"Elundmin","Dur\u00e9e de lecture estim\u00e9e":"1 minute"},"schema":{"@context":"https:\/\/schema.org","@graph":[{"@type":"Article","@id":"https:\/\/parti-des-travailleurs-78.fr\/index.php\/2023\/03\/10\/reforme-des-retraites-nouveau-coup-de-force-de-macron-au-senat\/#article","isPartOf":{"@id":"https:\/\/parti-des-travailleurs-78.fr\/index.php\/2023\/03\/10\/reforme-des-retraites-nouveau-coup-de-force-de-macron-au-senat\/"},"author":{"name":"Elundmin","@id":"https:\/\/parti-des-travailleurs-78.fr\/#\/schema\/person\/f79ec75f85e9a8cd0a75a9fae65268d6"},"headline":"R\u00e9forme des retraites : nouveau coup de force de Macron au S\u00e9nat !","datePublished":"2023-03-10T20:10:00+00:00","dateModified":"2024-05-25T15:21:43+00:00","mainEntityOfPage":{"@id":"https:\/\/parti-des-travailleurs-78.fr\/index.php\/2023\/03\/10\/reforme-des-retraites-nouveau-coup-de-force-de-macron-au-senat\/"},"wordCount":13,"publisher":{"@id":"https:\/\/parti-des-travailleurs-78.fr\/#organization"},"image":{"@id":"https:\/\/parti-des-travailleurs-78.fr\/index.php\/2023\/03\/10\/reforme-des-retraites-nouveau-coup-de-force-de-macron-au-senat\/#primaryimage"},"thumbnailUrl":"https:\/\/parti-des-travailleurs-78.fr\/wp-content\/uploads\/2023\/01\/TRACTS.png","keywords":["tracts"],"articleSection":["Tracts"],"inLanguage":"fr-FR"},{"@type":"WebPage","@id":"https:\/\/parti-des-travailleurs-78.fr\/index.php\/2023\/03\/10\/reforme-des-retraites-nouveau-coup-de-force-de-macron-au-senat\/","url":"https:\/\/parti-des-travailleurs-78.fr\/index.php\/2023\/03\/10\/reforme-des-retraites-nouveau-coup-de-force-de-macron-au-senat\/","name":"R\u00e9forme des retraites : nouveau coup de force de Macron au S\u00e9nat ! - Parti des travailleurs | Yvelines","isPartOf":{"@id":"https:\/\/parti-des-travailleurs-78.fr\/#website"},"primaryImageOfPage":{"@id":"https:\/\/parti-des-travailleurs-78.fr\/index.php\/2023\/03\/10\/reforme-des-retraites-nouveau-coup-de-force-de-macron-au-senat\/#primaryimage"},"image":{"@id":"https:\/\/parti-des-travailleurs-78.fr\/index.php\/2023\/03\/10\/reforme-des-retraites-nouveau-coup-de-force-de-macron-au-senat\/#primaryimage"},"thumbnailUrl":"https:\/\/parti-des-travailleurs-78.fr\/wp-content\/uploads\/2023\/01\/TRACTS.png","datePublished":"2023-03-10T20:10:00+00:00","dateModified":"2024-05-25T15:21:43+00:00","breadcrumb":{"@id":"https:\/\/parti-des-travailleurs-78.fr\/index.php\/2023\/03\/10\/reforme-des-retraites-nouveau-coup-de-force-de-macron-au-senat\/#breadcrumb"},"inLanguage":"fr-FR","potentialAction":[{"@type":"ReadAction","target":["https:\/\/parti-des-travailleurs-78.fr\/index.php\/2023\/03\/10\/reforme-des-retraites-nouveau-coup-de-force-de-macron-au-senat\/"]}]},{"@type":"ImageObject","inLanguage":"fr-FR","@id":"https:\/\/parti-des-travailleurs-78.fr\/index.php\/2023\/03\/10\/reforme-des-retraites-nouveau-coup-de-force-de-macron-au-senat\/#primaryimage","url":"https:\/\/parti-des-travailleurs-78.fr\/wp-content\/uploads\/2023\/01\/TRACTS.png","contentUrl":"https:\/\/parti-des-travailleurs-78.fr\/wp-content\/uploads\/2023\/01\/TRACTS.png","width":404,"height":354,"caption":"TRACTS"},{"@type":"BreadcrumbList","@id":"https:\/\/parti-des-travailleurs-78.fr\/index.php\/2023\/03\/10\/reforme-des-retraites-nouveau-coup-de-force-de-macron-au-senat\/#breadcrumb","itemListElement":[{"@type":"ListItem","position":1,"name":"Accueil","item":"https:\/\/parti-des-travailleurs-78.fr\/"},{"@type":"ListItem","position":2,"name":"R\u00e9forme des retraites : nouveau coup de force de Macron au S\u00e9nat !"}]},{"@type":"WebSite","@id":"https:\/\/parti-des-travailleurs-78.fr\/#website","url":"https:\/\/parti-des-travailleurs-78.fr\/","name":"Parti des travailleurs | Yvelines","description":"","publisher":{"@id":"https:\/\/parti-des-travailleurs-78.fr\/#organization"},"potentialAction":[{"@type":"SearchAction","target":{"@type":"EntryPoint","urlTemplate":"https:\/\/parti-des-travailleurs-78.fr\/?s={search_term_string}"},"query-input":{"@type":"PropertyValueSpecification","valueRequired":true,"valueName":"search_term_string"}}],"inLanguage":"fr-FR"},{"@type":"Organization","@id":"https:\/\/parti-des-travailleurs-78.fr\/#organization","name":"Parti des travailleurs | Yvelines","url":"https:\/\/parti-des-travailleurs-78.fr\/","logo":{"@type":"ImageObject","inLanguage":"fr-FR","@id":"https:\/\/parti-des-travailleurs-78.fr\/#\/schema\/logo\/image\/","url":"https:\/\/parti-des-travailleurs-78.fr\/wp-content\/uploads\/2023\/12\/cropped-Logo_Parti_des_travailleurs.png","contentUrl":"https:\/\/parti-des-travailleurs-78.fr\/wp-content\/uploads\/2023\/12\/cropped-Logo_Parti_des_travailleurs.png","width":512,"height":512,"caption":"Parti des travailleurs | Yvelines"},"image":{"@id":"https:\/\/parti-des-travailleurs-78.fr\/#\/schema\/logo\/image\/"}},{"@type":"Person","@id":"https:\/\/parti-des-travailleurs-78.fr\/#\/schema\/person\/f79ec75f85e9a8cd0a75a9fae65268d6","name":"Elundmin","image":{"@type":"ImageObject","inLanguage":"fr-FR","@id":"https:\/\/parti-des-travailleurs-78.fr\/#\/schema\/person\/image\/","url":"https:\/\/secure.gravatar.com\/avatar\/8d6749b64063ab9baa13169e3cff7275b20043b38a7d0c865ab81e304ceaa9b2?s=96&d=mm&r=g","contentUrl":"https:\/\/secure.gravatar.com\/avatar\/8d6749b64063ab9baa13169e3cff7275b20043b38a7d0c865ab81e304ceaa9b2?s=96&d=mm&r=g","caption":"Elundmin"},"sameAs":["http:\/\/wwazwed.cluster030.hosting.ovh.net"],"url":"https:\/\/parti-des-travailleurs-78.fr\/index.php\/author\/elundmin\/"}]}},"_links":{"self":[{"href":"https:\/\/parti-des-travailleurs-78.fr\/index.php\/wp-json\/wp\/v2\/posts\/166","targetHints":{"allow":["GET"]}}],"collection":[{"href":"https:\/\/parti-des-travailleurs-78.fr\/index.php\/wp-json\/wp\/v2\/posts"}],"about":[{"href":"https:\/\/parti-des-travailleurs-78.fr\/index.php\/wp-json\/wp\/v2\/types\/post"}],"author":[{"embeddable":true,"href":"https:\/\/parti-des-travailleurs-78.fr\/index.php\/wp-json\/wp\/v2\/users\/1"}],"replies":[{"embeddable":true,"href":"https:\/\/parti-des-travailleurs-78.fr\/index.php\/wp-json\/wp\/v2\/comments?post=166"}],"version-history":[{"count":2,"href":"https:\/\/parti-des-travailleurs-78.fr\/index.php\/wp-json\/wp\/v2\/posts\/166\/revisions"}],"predecessor-version":[{"id":570,"href":"https:\/\/parti-des-travailleurs-78.fr\/index.php\/wp-json\/wp\/v2\/posts\/166\/revisions\/570"}],"wp:featuredmedia":[{"embeddable":true,"href":"https:\/\/parti-des-travailleurs-78.fr\/index.php\/wp-json\/wp\/v2\/media\/159"}],"wp:attachment":[{"href":"https:\/\/parti-des-travailleurs-78.fr\/index.php\/wp-json\/wp\/v2\/media?parent=166"}],"wp:term":[{"taxonomy":"category","embeddable":true,"href":"https:\/\/parti-des-travailleurs-78.fr\/index.php\/wp-json\/wp\/v2\/categories?post=166"},{"taxonomy":"post_tag","embeddable":true,"href":"https:\/\/parti-des-travailleurs-78.fr\/index.php\/wp-json\/wp\/v2\/tags?post=166"}],"curies":[{"name":"wp","href":"https:\/\/api.w.org\/{rel}","templated":true}]}}