{"id":173,"date":"2023-03-18T21:36:00","date_gmt":"2023-03-18T20:36:00","guid":{"rendered":"https:\/\/poid-78.fr\/?p=173"},"modified":"2024-05-25T17:21:43","modified_gmt":"2024-05-25T15:21:43","slug":"qui-conduit-le-pays-au-chaos-macron-et-la-ve-republique","status":"publish","type":"post","link":"https:\/\/parti-des-travailleurs-78.fr\/index.php\/2023\/03\/18\/qui-conduit-le-pays-au-chaos-macron-et-la-ve-republique\/","title":{"rendered":"Qui conduit le pays au chaos ? Macron et la Ve R\u00e9publique !"},"content":{"rendered":"<a href=\"https:\/\/parti-des-travailleurs-78.fr\/wp-content\/uploads\/2023\/03\/18-03-23_Appel_CFN.pdf\" class=\"pdfemb-viewer\" style=\"\" data-width=\"max\" data-height=\"max\" data-toolbar=\"bottom\" data-toolbar-fixed=\"off\">18-03-23_Appel_CFN<\/a>\n<p class=\"wp-block-pdfemb-pdf-embedder-viewer\"><\/p>\n","protected":false},"excerpt":{"rendered":"<p>Qui conduit le pays au chaos ? Macron et la Ve R\u00e9publique !<br \/>\nQu\u2019ils s\u2019en aillent avec leur r\u00e9forme des retraites et leur poli\udbc0\udd9fque an\udbc0\udd9f-ouvri\u00e8re !<br \/>\nRejet\u00e9 par l\u2019immense majorit\u00e9 du peuple, Macron s\u2019accroche au pouvoir. Il \udbc0\udd9fent parce qu\u2019une poign\u00e9e de capitalistes et de sp\u00e9culateurs a besoin de lui pour d\u00e9truire nos retraites, bloquer nos salaires et faire flamber les prix. Il \udbc0\udd9fent parce que Biden et l\u2019OTAN ont besoin de lui pour \u00e9tendre toujours plus la guerre (413 milliards d\u2019euros pour la prochaine loi de programma\udbc0\udd9fon militaire). Il \udbc0\udd9fent parce que la hi\u00e9rarchie militaire a besoin de lui pour embrigader la jeunesse dans le Service na\udbc0\udd9fonal universel obligatoire (SNU). &#8230;<\/p>\n","protected":false},"author":1,"featured_media":40,"comment_status":"open","ping_status":"open","sticky":false,"template":"","format":"standard","meta":{"footnotes":""},"categories":[5],"tags":[6],"class_list":["post-173","post","type-post","status-publish","format-standard","has-post-thumbnail","hentry","category-appel","tag-appel"],"yoast_head":"<!-- This site is optimized with the Yoast SEO plugin v26.1.1 - https:\/\/yoast.com\/wordpress\/plugins\/seo\/ -->\n<title>Qui conduit le pays au chaos ? Macron et la Ve R\u00e9publique ! - Parti des travailleurs | Yvelines<\/title>\n<meta name=\"robots\" content=\"index, follow, max-snippet:-1, max-image-preview:large, max-video-preview:-1\" \/>\n<link rel=\"canonical\" href=\"https:\/\/parti-des-travailleurs-78.fr\/index.php\/2023\/03\/18\/qui-conduit-le-pays-au-chaos-macron-et-la-ve-republique\/\" \/>\n<meta property=\"og:locale\" content=\"fr_FR\" \/>\n<meta property=\"og:type\" content=\"article\" \/>\n<meta property=\"og:title\" content=\"Qui conduit le pays au chaos ? Macron et la Ve R\u00e9publique ! - Parti des travailleurs | Yvelines\" \/>\n<meta property=\"og:description\" content=\"Qui conduit le pays au chaos ? Macron et la Ve R\u00e9publique ! Qu\u2019ils s\u2019en aillent avec leur r\u00e9forme des retraites et leur poli\udbc0\udd9fque an\udbc0\udd9f-ouvri\u00e8re ! Rejet\u00e9 par l\u2019immense majorit\u00e9 du peuple, Macron s\u2019accroche au pouvoir. Il \udbc0\udd9fent parce qu\u2019une poign\u00e9e de capitalistes et de sp\u00e9culateurs a besoin de lui pour d\u00e9truire nos retraites, bloquer nos salaires et faire flamber les prix. Il \udbc0\udd9fent parce que Biden et l\u2019OTAN ont besoin de lui pour \u00e9tendre toujours plus la guerre (413 milliards d\u2019euros pour la prochaine loi de programma\udbc0\udd9fon militaire). Il \udbc0\udd9fent parce que la hi\u00e9rarchie militaire a besoin de lui pour embrigader la jeunesse dans le Service na\udbc0\udd9fonal universel obligatoire (SNU). ...\" \/>\n<meta property=\"og:url\" content=\"https:\/\/parti-des-travailleurs-78.fr\/index.php\/2023\/03\/18\/qui-conduit-le-pays-au-chaos-macron-et-la-ve-republique\/\" \/>\n<meta property=\"og:site_name\" content=\"Parti des travailleurs | Yvelines\" \/>\n<meta property=\"article:published_time\" content=\"2023-03-18T20:36:00+00:00\" \/>\n<meta property=\"article:modified_time\" content=\"2024-05-25T15:21:43+00:00\" \/>\n<meta property=\"og:image\" content=\"https:\/\/parti-des-travailleurs-78.fr\/wp-content\/uploads\/2022\/10\/APPEL.png\" \/>\n\t<meta property=\"og:image:width\" content=\"1216\" \/>\n\t<meta property=\"og:image:height\" content=\"1356\" \/>\n\t<meta property=\"og:image:type\" content=\"image\/png\" \/>\n<meta name=\"author\" content=\"Elundmin\" \/>\n<meta name=\"twitter:card\" content=\"summary_large_image\" \/>\n<meta name=\"twitter:label1\" content=\"\u00c9crit par\" \/>\n\t<meta name=\"twitter:data1\" content=\"Elundmin\" \/>\n\t<meta name=\"twitter:label2\" content=\"Dur\u00e9e de lecture estim\u00e9e\" \/>\n\t<meta name=\"twitter:data2\" content=\"1 minute\" \/>\n<script type=\"application\/ld+json\" class=\"yoast-schema-graph\">{\"@context\":\"https:\/\/schema.org\",\"@graph\":[{\"@type\":\"Article\",\"@id\":\"https:\/\/parti-des-travailleurs-78.fr\/index.php\/2023\/03\/18\/qui-conduit-le-pays-au-chaos-macron-et-la-ve-republique\/#article\",\"isPartOf\":{\"@id\":\"https:\/\/parti-des-travailleurs-78.fr\/index.php\/2023\/03\/18\/qui-conduit-le-pays-au-chaos-macron-et-la-ve-republique\/\"},\"author\":{\"name\":\"Elundmin\",\"@id\":\"https:\/\/parti-des-travailleurs-78.fr\/#\/schema\/person\/f79ec75f85e9a8cd0a75a9fae65268d6\"},\"headline\":\"Qui conduit le pays au chaos ? Macron et la Ve R\u00e9publique !\",\"datePublished\":\"2023-03-18T20:36:00+00:00\",\"dateModified\":\"2024-05-25T15:21:43+00:00\",\"mainEntityOfPage\":{\"@id\":\"https:\/\/parti-des-travailleurs-78.fr\/index.php\/2023\/03\/18\/qui-conduit-le-pays-au-chaos-macron-et-la-ve-republique\/\"},\"wordCount\":12,\"commentCount\":0,\"publisher\":{\"@id\":\"https:\/\/parti-des-travailleurs-78.fr\/#organization\"},\"image\":{\"@id\":\"https:\/\/parti-des-travailleurs-78.fr\/index.php\/2023\/03\/18\/qui-conduit-le-pays-au-chaos-macron-et-la-ve-republique\/#primaryimage\"},\"thumbnailUrl\":\"https:\/\/parti-des-travailleurs-78.fr\/wp-content\/uploads\/2022\/10\/APPEL.png\",\"keywords\":[\"Appel\"],\"articleSection\":[\"Appel\"],\"inLanguage\":\"fr-FR\",\"potentialAction\":[{\"@type\":\"CommentAction\",\"name\":\"Comment\",\"target\":[\"https:\/\/parti-des-travailleurs-78.fr\/index.php\/2023\/03\/18\/qui-conduit-le-pays-au-chaos-macron-et-la-ve-republique\/#respond\"]}]},{\"@type\":\"WebPage\",\"@id\":\"https:\/\/parti-des-travailleurs-78.fr\/index.php\/2023\/03\/18\/qui-conduit-le-pays-au-chaos-macron-et-la-ve-republique\/\",\"url\":\"https:\/\/parti-des-travailleurs-78.fr\/index.php\/2023\/03\/18\/qui-conduit-le-pays-au-chaos-macron-et-la-ve-republique\/\",\"name\":\"Qui conduit le pays au chaos ? Macron et la Ve R\u00e9publique ! - Parti des travailleurs | Yvelines\",\"isPartOf\":{\"@id\":\"https:\/\/parti-des-travailleurs-78.fr\/#website\"},\"primaryImageOfPage\":{\"@id\":\"https:\/\/parti-des-travailleurs-78.fr\/index.php\/2023\/03\/18\/qui-conduit-le-pays-au-chaos-macron-et-la-ve-republique\/#primaryimage\"},\"image\":{\"@id\":\"https:\/\/parti-des-travailleurs-78.fr\/index.php\/2023\/03\/18\/qui-conduit-le-pays-au-chaos-macron-et-la-ve-republique\/#primaryimage\"},\"thumbnailUrl\":\"https:\/\/parti-des-travailleurs-78.fr\/wp-content\/uploads\/2022\/10\/APPEL.png\",\"datePublished\":\"2023-03-18T20:36:00+00:00\",\"dateModified\":\"2024-05-25T15:21:43+00:00\",\"breadcrumb\":{\"@id\":\"https:\/\/parti-des-travailleurs-78.fr\/index.php\/2023\/03\/18\/qui-conduit-le-pays-au-chaos-macron-et-la-ve-republique\/#breadcrumb\"},\"inLanguage\":\"fr-FR\",\"potentialAction\":[{\"@type\":\"ReadAction\",\"target\":[\"https:\/\/parti-des-travailleurs-78.fr\/index.php\/2023\/03\/18\/qui-conduit-le-pays-au-chaos-macron-et-la-ve-republique\/\"]}]},{\"@type\":\"ImageObject\",\"inLanguage\":\"fr-FR\",\"@id\":\"https:\/\/parti-des-travailleurs-78.fr\/index.php\/2023\/03\/18\/qui-conduit-le-pays-au-chaos-macron-et-la-ve-republique\/#primaryimage\",\"url\":\"https:\/\/parti-des-travailleurs-78.fr\/wp-content\/uploads\/2022\/10\/APPEL.png\",\"contentUrl\":\"https:\/\/parti-des-travailleurs-78.fr\/wp-content\/uploads\/2022\/10\/APPEL.png\",\"width\":1216,\"height\":1356},{\"@type\":\"BreadcrumbList\",\"@id\":\"https:\/\/parti-des-travailleurs-78.fr\/index.php\/2023\/03\/18\/qui-conduit-le-pays-au-chaos-macron-et-la-ve-republique\/#breadcrumb\",\"itemListElement\":[{\"@type\":\"ListItem\",\"position\":1,\"name\":\"Accueil\",\"item\":\"https:\/\/parti-des-travailleurs-78.fr\/\"},{\"@type\":\"ListItem\",\"position\":2,\"name\":\"Qui conduit le pays au chaos ? Macron et la Ve R\u00e9publique !\"}]},{\"@type\":\"WebSite\",\"@id\":\"https:\/\/parti-des-travailleurs-78.fr\/#website\",\"url\":\"https:\/\/parti-des-travailleurs-78.fr\/\",\"name\":\"Parti des travailleurs | Yvelines\",\"description\":\"\",\"publisher\":{\"@id\":\"https:\/\/parti-des-travailleurs-78.fr\/#organization\"},\"potentialAction\":[{\"@type\":\"SearchAction\",\"target\":{\"@type\":\"EntryPoint\",\"urlTemplate\":\"https:\/\/parti-des-travailleurs-78.fr\/?s={search_term_string}\"},\"query-input\":{\"@type\":\"PropertyValueSpecification\",\"valueRequired\":true,\"valueName\":\"search_term_string\"}}],\"inLanguage\":\"fr-FR\"},{\"@type\":\"Organization\",\"@id\":\"https:\/\/parti-des-travailleurs-78.fr\/#organization\",\"name\":\"Parti des travailleurs | Yvelines\",\"url\":\"https:\/\/parti-des-travailleurs-78.fr\/\",\"logo\":{\"@type\":\"ImageObject\",\"inLanguage\":\"fr-FR\",\"@id\":\"https:\/\/parti-des-travailleurs-78.fr\/#\/schema\/logo\/image\/\",\"url\":\"https:\/\/parti-des-travailleurs-78.fr\/wp-content\/uploads\/2023\/12\/cropped-Logo_Parti_des_travailleurs.png\",\"contentUrl\":\"https:\/\/parti-des-travailleurs-78.fr\/wp-content\/uploads\/2023\/12\/cropped-Logo_Parti_des_travailleurs.png\",\"width\":512,\"height\":512,\"caption\":\"Parti des travailleurs | Yvelines\"},\"image\":{\"@id\":\"https:\/\/parti-des-travailleurs-78.fr\/#\/schema\/logo\/image\/\"}},{\"@type\":\"Person\",\"@id\":\"https:\/\/parti-des-travailleurs-78.fr\/#\/schema\/person\/f79ec75f85e9a8cd0a75a9fae65268d6\",\"name\":\"Elundmin\",\"image\":{\"@type\":\"ImageObject\",\"inLanguage\":\"fr-FR\",\"@id\":\"https:\/\/parti-des-travailleurs-78.fr\/#\/schema\/person\/image\/\",\"url\":\"https:\/\/secure.gravatar.com\/avatar\/8d6749b64063ab9baa13169e3cff7275b20043b38a7d0c865ab81e304ceaa9b2?s=96&d=mm&r=g\",\"contentUrl\":\"https:\/\/secure.gravatar.com\/avatar\/8d6749b64063ab9baa13169e3cff7275b20043b38a7d0c865ab81e304ceaa9b2?s=96&d=mm&r=g\",\"caption\":\"Elundmin\"},\"sameAs\":[\"http:\/\/wwazwed.cluster030.hosting.ovh.net\"],\"url\":\"https:\/\/parti-des-travailleurs-78.fr\/index.php\/author\/elundmin\/\"}]}<\/script>\n<!-- \/ Yoast SEO plugin. -->","yoast_head_json":{"title":"Qui conduit le pays au chaos ? Macron et la Ve R\u00e9publique ! - Parti des travailleurs | Yvelines","robots":{"index":"index","follow":"follow","max-snippet":"max-snippet:-1","max-image-preview":"max-image-preview:large","max-video-preview":"max-video-preview:-1"},"canonical":"https:\/\/parti-des-travailleurs-78.fr\/index.php\/2023\/03\/18\/qui-conduit-le-pays-au-chaos-macron-et-la-ve-republique\/","og_locale":"fr_FR","og_type":"article","og_title":"Qui conduit le pays au chaos ? Macron et la Ve R\u00e9publique ! - Parti des travailleurs | Yvelines","og_description":"Qui conduit le pays au chaos ? Macron et la Ve R\u00e9publique ! Qu\u2019ils s\u2019en aillent avec leur r\u00e9forme des retraites et leur poli\udbc0\udd9fque an\udbc0\udd9f-ouvri\u00e8re ! Rejet\u00e9 par l\u2019immense majorit\u00e9 du peuple, Macron s\u2019accroche au pouvoir. Il \udbc0\udd9fent parce qu\u2019une poign\u00e9e de capitalistes et de sp\u00e9culateurs a besoin de lui pour d\u00e9truire nos retraites, bloquer nos salaires et faire flamber les prix. Il \udbc0\udd9fent parce que Biden et l\u2019OTAN ont besoin de lui pour \u00e9tendre toujours plus la guerre (413 milliards d\u2019euros pour la prochaine loi de programma\udbc0\udd9fon militaire). Il \udbc0\udd9fent parce que la hi\u00e9rarchie militaire a besoin de lui pour embrigader la jeunesse dans le Service na\udbc0\udd9fonal universel obligatoire (SNU). ...","og_url":"https:\/\/parti-des-travailleurs-78.fr\/index.php\/2023\/03\/18\/qui-conduit-le-pays-au-chaos-macron-et-la-ve-republique\/","og_site_name":"Parti des travailleurs | Yvelines","article_published_time":"2023-03-18T20:36:00+00:00","article_modified_time":"2024-05-25T15:21:43+00:00","og_image":[{"width":1216,"height":1356,"url":"https:\/\/parti-des-travailleurs-78.fr\/wp-content\/uploads\/2022\/10\/APPEL.png","type":"image\/png"}],"author":"Elundmin","twitter_card":"summary_large_image","twitter_misc":{"\u00c9crit par":"Elundmin","Dur\u00e9e de lecture estim\u00e9e":"1 minute"},"schema":{"@context":"https:\/\/schema.org","@graph":[{"@type":"Article","@id":"https:\/\/parti-des-travailleurs-78.fr\/index.php\/2023\/03\/18\/qui-conduit-le-pays-au-chaos-macron-et-la-ve-republique\/#article","isPartOf":{"@id":"https:\/\/parti-des-travailleurs-78.fr\/index.php\/2023\/03\/18\/qui-conduit-le-pays-au-chaos-macron-et-la-ve-republique\/"},"author":{"name":"Elundmin","@id":"https:\/\/parti-des-travailleurs-78.fr\/#\/schema\/person\/f79ec75f85e9a8cd0a75a9fae65268d6"},"headline":"Qui conduit le pays au chaos ? Macron et la Ve R\u00e9publique !","datePublished":"2023-03-18T20:36:00+00:00","dateModified":"2024-05-25T15:21:43+00:00","mainEntityOfPage":{"@id":"https:\/\/parti-des-travailleurs-78.fr\/index.php\/2023\/03\/18\/qui-conduit-le-pays-au-chaos-macron-et-la-ve-republique\/"},"wordCount":12,"commentCount":0,"publisher":{"@id":"https:\/\/parti-des-travailleurs-78.fr\/#organization"},"image":{"@id":"https:\/\/parti-des-travailleurs-78.fr\/index.php\/2023\/03\/18\/qui-conduit-le-pays-au-chaos-macron-et-la-ve-republique\/#primaryimage"},"thumbnailUrl":"https:\/\/parti-des-travailleurs-78.fr\/wp-content\/uploads\/2022\/10\/APPEL.png","keywords":["Appel"],"articleSection":["Appel"],"inLanguage":"fr-FR","potentialAction":[{"@type":"CommentAction","name":"Comment","target":["https:\/\/parti-des-travailleurs-78.fr\/index.php\/2023\/03\/18\/qui-conduit-le-pays-au-chaos-macron-et-la-ve-republique\/#respond"]}]},{"@type":"WebPage","@id":"https:\/\/parti-des-travailleurs-78.fr\/index.php\/2023\/03\/18\/qui-conduit-le-pays-au-chaos-macron-et-la-ve-republique\/","url":"https:\/\/parti-des-travailleurs-78.fr\/index.php\/2023\/03\/18\/qui-conduit-le-pays-au-chaos-macron-et-la-ve-republique\/","name":"Qui conduit le pays au chaos ? Macron et la Ve R\u00e9publique ! - Parti des travailleurs | Yvelines","isPartOf":{"@id":"https:\/\/parti-des-travailleurs-78.fr\/#website"},"primaryImageOfPage":{"@id":"https:\/\/parti-des-travailleurs-78.fr\/index.php\/2023\/03\/18\/qui-conduit-le-pays-au-chaos-macron-et-la-ve-republique\/#primaryimage"},"image":{"@id":"https:\/\/parti-des-travailleurs-78.fr\/index.php\/2023\/03\/18\/qui-conduit-le-pays-au-chaos-macron-et-la-ve-republique\/#primaryimage"},"thumbnailUrl":"https:\/\/parti-des-travailleurs-78.fr\/wp-content\/uploads\/2022\/10\/APPEL.png","datePublished":"2023-03-18T20:36:00+00:00","dateModified":"2024-05-25T15:21:43+00:00","breadcrumb":{"@id":"https:\/\/parti-des-travailleurs-78.fr\/index.php\/2023\/03\/18\/qui-conduit-le-pays-au-chaos-macron-et-la-ve-republique\/#breadcrumb"},"inLanguage":"fr-FR","potentialAction":[{"@type":"ReadAction","target":["https:\/\/parti-des-travailleurs-78.fr\/index.php\/2023\/03\/18\/qui-conduit-le-pays-au-chaos-macron-et-la-ve-republique\/"]}]},{"@type":"ImageObject","inLanguage":"fr-FR","@id":"https:\/\/parti-des-travailleurs-78.fr\/index.php\/2023\/03\/18\/qui-conduit-le-pays-au-chaos-macron-et-la-ve-republique\/#primaryimage","url":"https:\/\/parti-des-travailleurs-78.fr\/wp-content\/uploads\/2022\/10\/APPEL.png","contentUrl":"https:\/\/parti-des-travailleurs-78.fr\/wp-content\/uploads\/2022\/10\/APPEL.png","width":1216,"height":1356},{"@type":"BreadcrumbList","@id":"https:\/\/parti-des-travailleurs-78.fr\/index.php\/2023\/03\/18\/qui-conduit-le-pays-au-chaos-macron-et-la-ve-republique\/#breadcrumb","itemListElement":[{"@type":"ListItem","position":1,"name":"Accueil","item":"https:\/\/parti-des-travailleurs-78.fr\/"},{"@type":"ListItem","position":2,"name":"Qui conduit le pays au chaos ? Macron et la Ve R\u00e9publique !"}]},{"@type":"WebSite","@id":"https:\/\/parti-des-travailleurs-78.fr\/#website","url":"https:\/\/parti-des-travailleurs-78.fr\/","name":"Parti des travailleurs | Yvelines","description":"","publisher":{"@id":"https:\/\/parti-des-travailleurs-78.fr\/#organization"},"potentialAction":[{"@type":"SearchAction","target":{"@type":"EntryPoint","urlTemplate":"https:\/\/parti-des-travailleurs-78.fr\/?s={search_term_string}"},"query-input":{"@type":"PropertyValueSpecification","valueRequired":true,"valueName":"search_term_string"}}],"inLanguage":"fr-FR"},{"@type":"Organization","@id":"https:\/\/parti-des-travailleurs-78.fr\/#organization","name":"Parti des travailleurs | Yvelines","url":"https:\/\/parti-des-travailleurs-78.fr\/","logo":{"@type":"ImageObject","inLanguage":"fr-FR","@id":"https:\/\/parti-des-travailleurs-78.fr\/#\/schema\/logo\/image\/","url":"https:\/\/parti-des-travailleurs-78.fr\/wp-content\/uploads\/2023\/12\/cropped-Logo_Parti_des_travailleurs.png","contentUrl":"https:\/\/parti-des-travailleurs-78.fr\/wp-content\/uploads\/2023\/12\/cropped-Logo_Parti_des_travailleurs.png","width":512,"height":512,"caption":"Parti des travailleurs | Yvelines"},"image":{"@id":"https:\/\/parti-des-travailleurs-78.fr\/#\/schema\/logo\/image\/"}},{"@type":"Person","@id":"https:\/\/parti-des-travailleurs-78.fr\/#\/schema\/person\/f79ec75f85e9a8cd0a75a9fae65268d6","name":"Elundmin","image":{"@type":"ImageObject","inLanguage":"fr-FR","@id":"https:\/\/parti-des-travailleurs-78.fr\/#\/schema\/person\/image\/","url":"https:\/\/secure.gravatar.com\/avatar\/8d6749b64063ab9baa13169e3cff7275b20043b38a7d0c865ab81e304ceaa9b2?s=96&d=mm&r=g","contentUrl":"https:\/\/secure.gravatar.com\/avatar\/8d6749b64063ab9baa13169e3cff7275b20043b38a7d0c865ab81e304ceaa9b2?s=96&d=mm&r=g","caption":"Elundmin"},"sameAs":["http:\/\/wwazwed.cluster030.hosting.ovh.net"],"url":"https:\/\/parti-des-travailleurs-78.fr\/index.php\/author\/elundmin\/"}]}},"_links":{"self":[{"href":"https:\/\/parti-des-travailleurs-78.fr\/index.php\/wp-json\/wp\/v2\/posts\/173","targetHints":{"allow":["GET"]}}],"collection":[{"href":"https:\/\/parti-des-travailleurs-78.fr\/index.php\/wp-json\/wp\/v2\/posts"}],"about":[{"href":"https:\/\/parti-des-travailleurs-78.fr\/index.php\/wp-json\/wp\/v2\/types\/post"}],"author":[{"embeddable":true,"href":"https:\/\/parti-des-travailleurs-78.fr\/index.php\/wp-json\/wp\/v2\/users\/1"}],"replies":[{"embeddable":true,"href":"https:\/\/parti-des-travailleurs-78.fr\/index.php\/wp-json\/wp\/v2\/comments?post=173"}],"version-history":[{"count":2,"href":"https:\/\/parti-des-travailleurs-78.fr\/index.php\/wp-json\/wp\/v2\/posts\/173\/revisions"}],"predecessor-version":[{"id":568,"href":"https:\/\/parti-des-travailleurs-78.fr\/index.php\/wp-json\/wp\/v2\/posts\/173\/revisions\/568"}],"wp:featuredmedia":[{"embeddable":true,"href":"https:\/\/parti-des-travailleurs-78.fr\/index.php\/wp-json\/wp\/v2\/media\/40"}],"wp:attachment":[{"href":"https:\/\/parti-des-travailleurs-78.fr\/index.php\/wp-json\/wp\/v2\/media?parent=173"}],"wp:term":[{"taxonomy":"category","embeddable":true,"href":"https:\/\/parti-des-travailleurs-78.fr\/index.php\/wp-json\/wp\/v2\/categories?post=173"},{"taxonomy":"post_tag","embeddable":true,"href":"https:\/\/parti-des-travailleurs-78.fr\/index.php\/wp-json\/wp\/v2\/tags?post=173"}],"curies":[{"name":"wp","href":"https:\/\/api.w.org\/{rel}","templated":true}]}}