{"id":415,"date":"2021-05-03T21:26:00","date_gmt":"2021-05-03T19:26:00","guid":{"rendered":"https:\/\/poid-78.fr\/?p=415"},"modified":"2024-01-06T12:08:47","modified_gmt":"2024-01-06T11:08:47","slug":"le-poid-condamne-les-agressions-contre-la-cgt-et-ses-militants-le-1er-mai-a-paris","status":"publish","type":"post","link":"https:\/\/parti-des-travailleurs-78.fr\/index.php\/2021\/05\/03\/le-poid-condamne-les-agressions-contre-la-cgt-et-ses-militants-le-1er-mai-a-paris\/","title":{"rendered":"Le POID condamne les agressions contre la CGT et ses militants, le 1er mai \u00e0 Paris"},"content":{"rendered":"\n<p>Le Parti ouvrier ind\u00e9pendant d\u00e9mocratique (POID) condamne les agressions survenues samedi 1er mai 2021 \u00e0 Paris, lors de la dispersion de la manifestation \u00e0 l\u2019appel des organisations syndicales, contre la CGT et ses militants, dont 21 ont \u00e9t\u00e9 bless\u00e9s (4 dans un \u00e9tat grave).<\/p>\n\n\n\n<p>Les faits sont connus. Comme l\u2019indique le communiqu\u00e9 de la CGT : \u00ab Si, sur le parcours, une fois encore, le cort\u00e8ge a d\u00fb faire face \u00e0 plusieurs interventions des forces de l\u2019ordre totalement injustifi\u00e9es, la manifestation a pu, tout de m\u00eame, arriver \u00e0 son terme. C\u2019est \u00e0 ce moment qu\u2019un important groupe d\u2019individus dont certains se revendiquant gilets jaunes, ont fait usage d\u2019une extr\u00eame violence \u00e0 l\u2019encontre des manifestants. Insultes homophobes, sexistes, racistes, ont pr\u00e9c\u00e9d\u00e9 des actes de vandalisation des v\u00e9hicules des organisations, et, bien plus grave, la haine s\u2019est exprim\u00e9e par un d\u00e9cha\u00eenement de coups et de jets de projectiles. \u00bb<\/p>\n\n\n\n<p>Le POID exprime sa solidarit\u00e9 avec la CGT, ses militants, et en particulier ceux qui ont \u00e9t\u00e9 bless\u00e9s par les attaques de nervis.<\/p>\n\n\n\n<p>Le POID affirme qu\u2019aujourd\u2019hui comme hier, ceux qui s\u2019en prennent au mouvement ouvrier sont les ennemis de la d\u00e9mocratie et les fourriers des pires r\u00e9gimes totalitaires.<\/p>\n","protected":false},"excerpt":{"rendered":"<p>Le Parti ouvrier ind\u00e9pendant d\u00e9mocratique (POID) condamne les agressions survenues samedi 1er mai 2021 \u00e0 Paris, lors de la dispersion de la manifestation \u00e0 l\u2019appel des organisations syndicales, contre la CGT et ses militants, dont 21 ont \u00e9t\u00e9 bless\u00e9s (4 dans un \u00e9tat grave).<\/p>\n","protected":false},"author":1,"featured_media":678,"comment_status":"open","ping_status":"open","sticky":false,"template":"","format":"standard","meta":{"footnotes":""},"categories":[8],"tags":[7],"class_list":["post-415","post","type-post","status-publish","format-standard","has-post-thumbnail","hentry","category-declaration","tag-declaration"],"yoast_head":"<!-- This site is optimized with the Yoast SEO plugin v26.1.1 - https:\/\/yoast.com\/wordpress\/plugins\/seo\/ -->\n<title>Le POID condamne les agressions contre la CGT et ses militants, le 1er mai \u00e0 Paris - Parti des travailleurs | Yvelines<\/title>\n<meta name=\"robots\" content=\"index, follow, max-snippet:-1, max-image-preview:large, max-video-preview:-1\" \/>\n<link rel=\"canonical\" href=\"https:\/\/parti-des-travailleurs-78.fr\/index.php\/2021\/05\/03\/le-poid-condamne-les-agressions-contre-la-cgt-et-ses-militants-le-1er-mai-a-paris\/\" \/>\n<meta property=\"og:locale\" content=\"fr_FR\" \/>\n<meta property=\"og:type\" content=\"article\" \/>\n<meta property=\"og:title\" content=\"Le POID condamne les agressions contre la CGT et ses militants, le 1er mai \u00e0 Paris - Parti des travailleurs | Yvelines\" \/>\n<meta property=\"og:description\" content=\"Le Parti ouvrier ind\u00e9pendant d\u00e9mocratique (POID) condamne les agressions survenues samedi 1er mai 2021 \u00e0 Paris, lors de la dispersion de la manifestation \u00e0 l\u2019appel des organisations syndicales, contre la CGT et ses militants, dont 21 ont \u00e9t\u00e9 bless\u00e9s (4 dans un \u00e9tat grave).\" \/>\n<meta property=\"og:url\" content=\"https:\/\/parti-des-travailleurs-78.fr\/index.php\/2021\/05\/03\/le-poid-condamne-les-agressions-contre-la-cgt-et-ses-militants-le-1er-mai-a-paris\/\" \/>\n<meta property=\"og:site_name\" content=\"Parti des travailleurs | Yvelines\" \/>\n<meta property=\"article:published_time\" content=\"2021-05-03T19:26:00+00:00\" \/>\n<meta property=\"article:modified_time\" content=\"2024-01-06T11:08:47+00:00\" \/>\n<meta property=\"og:image\" content=\"https:\/\/parti-des-travailleurs-78.fr\/wp-content\/uploads\/2024\/01\/PDT_COMMUNIQUE.png\" \/>\n\t<meta property=\"og:image:width\" content=\"496\" \/>\n\t<meta property=\"og:image:height\" content=\"157\" \/>\n\t<meta property=\"og:image:type\" content=\"image\/png\" \/>\n<meta name=\"author\" content=\"Elundmin\" \/>\n<meta name=\"twitter:card\" content=\"summary_large_image\" \/>\n<meta name=\"twitter:label1\" content=\"\u00c9crit par\" \/>\n\t<meta name=\"twitter:data1\" content=\"Elundmin\" \/>\n\t<meta name=\"twitter:label2\" content=\"Dur\u00e9e de lecture estim\u00e9e\" \/>\n\t<meta name=\"twitter:data2\" content=\"2 minutes\" \/>\n<script type=\"application\/ld+json\" class=\"yoast-schema-graph\">{\"@context\":\"https:\/\/schema.org\",\"@graph\":[{\"@type\":\"Article\",\"@id\":\"https:\/\/parti-des-travailleurs-78.fr\/index.php\/2021\/05\/03\/le-poid-condamne-les-agressions-contre-la-cgt-et-ses-militants-le-1er-mai-a-paris\/#article\",\"isPartOf\":{\"@id\":\"https:\/\/parti-des-travailleurs-78.fr\/index.php\/2021\/05\/03\/le-poid-condamne-les-agressions-contre-la-cgt-et-ses-militants-le-1er-mai-a-paris\/\"},\"author\":{\"name\":\"Elundmin\",\"@id\":\"https:\/\/parti-des-travailleurs-78.fr\/#\/schema\/person\/f79ec75f85e9a8cd0a75a9fae65268d6\"},\"headline\":\"Le POID condamne les agressions contre la CGT et ses militants, le 1er mai \u00e0 Paris\",\"datePublished\":\"2021-05-03T19:26:00+00:00\",\"dateModified\":\"2024-01-06T11:08:47+00:00\",\"mainEntityOfPage\":{\"@id\":\"https:\/\/parti-des-travailleurs-78.fr\/index.php\/2021\/05\/03\/le-poid-condamne-les-agressions-contre-la-cgt-et-ses-militants-le-1er-mai-a-paris\/\"},\"wordCount\":227,\"commentCount\":0,\"publisher\":{\"@id\":\"https:\/\/parti-des-travailleurs-78.fr\/#organization\"},\"image\":{\"@id\":\"https:\/\/parti-des-travailleurs-78.fr\/index.php\/2021\/05\/03\/le-poid-condamne-les-agressions-contre-la-cgt-et-ses-militants-le-1er-mai-a-paris\/#primaryimage\"},\"thumbnailUrl\":\"https:\/\/parti-des-travailleurs-78.fr\/wp-content\/uploads\/2024\/01\/PDT_COMMUNIQUE.png\",\"keywords\":[\"Declaration\"],\"articleSection\":[\"D\u00e9claration\"],\"inLanguage\":\"fr-FR\",\"potentialAction\":[{\"@type\":\"CommentAction\",\"name\":\"Comment\",\"target\":[\"https:\/\/parti-des-travailleurs-78.fr\/index.php\/2021\/05\/03\/le-poid-condamne-les-agressions-contre-la-cgt-et-ses-militants-le-1er-mai-a-paris\/#respond\"]}]},{\"@type\":\"WebPage\",\"@id\":\"https:\/\/parti-des-travailleurs-78.fr\/index.php\/2021\/05\/03\/le-poid-condamne-les-agressions-contre-la-cgt-et-ses-militants-le-1er-mai-a-paris\/\",\"url\":\"https:\/\/parti-des-travailleurs-78.fr\/index.php\/2021\/05\/03\/le-poid-condamne-les-agressions-contre-la-cgt-et-ses-militants-le-1er-mai-a-paris\/\",\"name\":\"Le POID condamne les agressions contre la CGT et ses militants, le 1er mai \u00e0 Paris - Parti des travailleurs | Yvelines\",\"isPartOf\":{\"@id\":\"https:\/\/parti-des-travailleurs-78.fr\/#website\"},\"primaryImageOfPage\":{\"@id\":\"https:\/\/parti-des-travailleurs-78.fr\/index.php\/2021\/05\/03\/le-poid-condamne-les-agressions-contre-la-cgt-et-ses-militants-le-1er-mai-a-paris\/#primaryimage\"},\"image\":{\"@id\":\"https:\/\/parti-des-travailleurs-78.fr\/index.php\/2021\/05\/03\/le-poid-condamne-les-agressions-contre-la-cgt-et-ses-militants-le-1er-mai-a-paris\/#primaryimage\"},\"thumbnailUrl\":\"https:\/\/parti-des-travailleurs-78.fr\/wp-content\/uploads\/2024\/01\/PDT_COMMUNIQUE.png\",\"datePublished\":\"2021-05-03T19:26:00+00:00\",\"dateModified\":\"2024-01-06T11:08:47+00:00\",\"breadcrumb\":{\"@id\":\"https:\/\/parti-des-travailleurs-78.fr\/index.php\/2021\/05\/03\/le-poid-condamne-les-agressions-contre-la-cgt-et-ses-militants-le-1er-mai-a-paris\/#breadcrumb\"},\"inLanguage\":\"fr-FR\",\"potentialAction\":[{\"@type\":\"ReadAction\",\"target\":[\"https:\/\/parti-des-travailleurs-78.fr\/index.php\/2021\/05\/03\/le-poid-condamne-les-agressions-contre-la-cgt-et-ses-militants-le-1er-mai-a-paris\/\"]}]},{\"@type\":\"ImageObject\",\"inLanguage\":\"fr-FR\",\"@id\":\"https:\/\/parti-des-travailleurs-78.fr\/index.php\/2021\/05\/03\/le-poid-condamne-les-agressions-contre-la-cgt-et-ses-militants-le-1er-mai-a-paris\/#primaryimage\",\"url\":\"https:\/\/parti-des-travailleurs-78.fr\/wp-content\/uploads\/2024\/01\/PDT_COMMUNIQUE.png\",\"contentUrl\":\"https:\/\/parti-des-travailleurs-78.fr\/wp-content\/uploads\/2024\/01\/PDT_COMMUNIQUE.png\",\"width\":496,\"height\":157,\"caption\":\"PDT_COMMUNIQUE\"},{\"@type\":\"BreadcrumbList\",\"@id\":\"https:\/\/parti-des-travailleurs-78.fr\/index.php\/2021\/05\/03\/le-poid-condamne-les-agressions-contre-la-cgt-et-ses-militants-le-1er-mai-a-paris\/#breadcrumb\",\"itemListElement\":[{\"@type\":\"ListItem\",\"position\":1,\"name\":\"Accueil\",\"item\":\"https:\/\/parti-des-travailleurs-78.fr\/\"},{\"@type\":\"ListItem\",\"position\":2,\"name\":\"Le POID condamne les agressions contre la CGT et ses militants, le 1er mai \u00e0 Paris\"}]},{\"@type\":\"WebSite\",\"@id\":\"https:\/\/parti-des-travailleurs-78.fr\/#website\",\"url\":\"https:\/\/parti-des-travailleurs-78.fr\/\",\"name\":\"Parti des travailleurs | Yvelines\",\"description\":\"\",\"publisher\":{\"@id\":\"https:\/\/parti-des-travailleurs-78.fr\/#organization\"},\"potentialAction\":[{\"@type\":\"SearchAction\",\"target\":{\"@type\":\"EntryPoint\",\"urlTemplate\":\"https:\/\/parti-des-travailleurs-78.fr\/?s={search_term_string}\"},\"query-input\":{\"@type\":\"PropertyValueSpecification\",\"valueRequired\":true,\"valueName\":\"search_term_string\"}}],\"inLanguage\":\"fr-FR\"},{\"@type\":\"Organization\",\"@id\":\"https:\/\/parti-des-travailleurs-78.fr\/#organization\",\"name\":\"Parti des travailleurs | Yvelines\",\"url\":\"https:\/\/parti-des-travailleurs-78.fr\/\",\"logo\":{\"@type\":\"ImageObject\",\"inLanguage\":\"fr-FR\",\"@id\":\"https:\/\/parti-des-travailleurs-78.fr\/#\/schema\/logo\/image\/\",\"url\":\"https:\/\/parti-des-travailleurs-78.fr\/wp-content\/uploads\/2023\/12\/cropped-Logo_Parti_des_travailleurs.png\",\"contentUrl\":\"https:\/\/parti-des-travailleurs-78.fr\/wp-content\/uploads\/2023\/12\/cropped-Logo_Parti_des_travailleurs.png\",\"width\":512,\"height\":512,\"caption\":\"Parti des travailleurs | Yvelines\"},\"image\":{\"@id\":\"https:\/\/parti-des-travailleurs-78.fr\/#\/schema\/logo\/image\/\"}},{\"@type\":\"Person\",\"@id\":\"https:\/\/parti-des-travailleurs-78.fr\/#\/schema\/person\/f79ec75f85e9a8cd0a75a9fae65268d6\",\"name\":\"Elundmin\",\"image\":{\"@type\":\"ImageObject\",\"inLanguage\":\"fr-FR\",\"@id\":\"https:\/\/parti-des-travailleurs-78.fr\/#\/schema\/person\/image\/\",\"url\":\"https:\/\/secure.gravatar.com\/avatar\/8d6749b64063ab9baa13169e3cff7275b20043b38a7d0c865ab81e304ceaa9b2?s=96&d=mm&r=g\",\"contentUrl\":\"https:\/\/secure.gravatar.com\/avatar\/8d6749b64063ab9baa13169e3cff7275b20043b38a7d0c865ab81e304ceaa9b2?s=96&d=mm&r=g\",\"caption\":\"Elundmin\"},\"sameAs\":[\"http:\/\/wwazwed.cluster030.hosting.ovh.net\"],\"url\":\"https:\/\/parti-des-travailleurs-78.fr\/index.php\/author\/elundmin\/\"}]}<\/script>\n<!-- \/ Yoast SEO plugin. -->","yoast_head_json":{"title":"Le POID condamne les agressions contre la CGT et ses militants, le 1er mai \u00e0 Paris - Parti des travailleurs | Yvelines","robots":{"index":"index","follow":"follow","max-snippet":"max-snippet:-1","max-image-preview":"max-image-preview:large","max-video-preview":"max-video-preview:-1"},"canonical":"https:\/\/parti-des-travailleurs-78.fr\/index.php\/2021\/05\/03\/le-poid-condamne-les-agressions-contre-la-cgt-et-ses-militants-le-1er-mai-a-paris\/","og_locale":"fr_FR","og_type":"article","og_title":"Le POID condamne les agressions contre la CGT et ses militants, le 1er mai \u00e0 Paris - Parti des travailleurs | Yvelines","og_description":"Le Parti ouvrier ind\u00e9pendant d\u00e9mocratique (POID) condamne les agressions survenues samedi 1er mai 2021 \u00e0 Paris, lors de la dispersion de la manifestation \u00e0 l\u2019appel des organisations syndicales, contre la CGT et ses militants, dont 21 ont \u00e9t\u00e9 bless\u00e9s (4 dans un \u00e9tat grave).","og_url":"https:\/\/parti-des-travailleurs-78.fr\/index.php\/2021\/05\/03\/le-poid-condamne-les-agressions-contre-la-cgt-et-ses-militants-le-1er-mai-a-paris\/","og_site_name":"Parti des travailleurs | Yvelines","article_published_time":"2021-05-03T19:26:00+00:00","article_modified_time":"2024-01-06T11:08:47+00:00","og_image":[{"width":496,"height":157,"url":"https:\/\/parti-des-travailleurs-78.fr\/wp-content\/uploads\/2024\/01\/PDT_COMMUNIQUE.png","type":"image\/png"}],"author":"Elundmin","twitter_card":"summary_large_image","twitter_misc":{"\u00c9crit par":"Elundmin","Dur\u00e9e de lecture estim\u00e9e":"2 minutes"},"schema":{"@context":"https:\/\/schema.org","@graph":[{"@type":"Article","@id":"https:\/\/parti-des-travailleurs-78.fr\/index.php\/2021\/05\/03\/le-poid-condamne-les-agressions-contre-la-cgt-et-ses-militants-le-1er-mai-a-paris\/#article","isPartOf":{"@id":"https:\/\/parti-des-travailleurs-78.fr\/index.php\/2021\/05\/03\/le-poid-condamne-les-agressions-contre-la-cgt-et-ses-militants-le-1er-mai-a-paris\/"},"author":{"name":"Elundmin","@id":"https:\/\/parti-des-travailleurs-78.fr\/#\/schema\/person\/f79ec75f85e9a8cd0a75a9fae65268d6"},"headline":"Le POID condamne les agressions contre la CGT et ses militants, le 1er mai \u00e0 Paris","datePublished":"2021-05-03T19:26:00+00:00","dateModified":"2024-01-06T11:08:47+00:00","mainEntityOfPage":{"@id":"https:\/\/parti-des-travailleurs-78.fr\/index.php\/2021\/05\/03\/le-poid-condamne-les-agressions-contre-la-cgt-et-ses-militants-le-1er-mai-a-paris\/"},"wordCount":227,"commentCount":0,"publisher":{"@id":"https:\/\/parti-des-travailleurs-78.fr\/#organization"},"image":{"@id":"https:\/\/parti-des-travailleurs-78.fr\/index.php\/2021\/05\/03\/le-poid-condamne-les-agressions-contre-la-cgt-et-ses-militants-le-1er-mai-a-paris\/#primaryimage"},"thumbnailUrl":"https:\/\/parti-des-travailleurs-78.fr\/wp-content\/uploads\/2024\/01\/PDT_COMMUNIQUE.png","keywords":["Declaration"],"articleSection":["D\u00e9claration"],"inLanguage":"fr-FR","potentialAction":[{"@type":"CommentAction","name":"Comment","target":["https:\/\/parti-des-travailleurs-78.fr\/index.php\/2021\/05\/03\/le-poid-condamne-les-agressions-contre-la-cgt-et-ses-militants-le-1er-mai-a-paris\/#respond"]}]},{"@type":"WebPage","@id":"https:\/\/parti-des-travailleurs-78.fr\/index.php\/2021\/05\/03\/le-poid-condamne-les-agressions-contre-la-cgt-et-ses-militants-le-1er-mai-a-paris\/","url":"https:\/\/parti-des-travailleurs-78.fr\/index.php\/2021\/05\/03\/le-poid-condamne-les-agressions-contre-la-cgt-et-ses-militants-le-1er-mai-a-paris\/","name":"Le POID condamne les agressions contre la CGT et ses militants, le 1er mai \u00e0 Paris - Parti des travailleurs | Yvelines","isPartOf":{"@id":"https:\/\/parti-des-travailleurs-78.fr\/#website"},"primaryImageOfPage":{"@id":"https:\/\/parti-des-travailleurs-78.fr\/index.php\/2021\/05\/03\/le-poid-condamne-les-agressions-contre-la-cgt-et-ses-militants-le-1er-mai-a-paris\/#primaryimage"},"image":{"@id":"https:\/\/parti-des-travailleurs-78.fr\/index.php\/2021\/05\/03\/le-poid-condamne-les-agressions-contre-la-cgt-et-ses-militants-le-1er-mai-a-paris\/#primaryimage"},"thumbnailUrl":"https:\/\/parti-des-travailleurs-78.fr\/wp-content\/uploads\/2024\/01\/PDT_COMMUNIQUE.png","datePublished":"2021-05-03T19:26:00+00:00","dateModified":"2024-01-06T11:08:47+00:00","breadcrumb":{"@id":"https:\/\/parti-des-travailleurs-78.fr\/index.php\/2021\/05\/03\/le-poid-condamne-les-agressions-contre-la-cgt-et-ses-militants-le-1er-mai-a-paris\/#breadcrumb"},"inLanguage":"fr-FR","potentialAction":[{"@type":"ReadAction","target":["https:\/\/parti-des-travailleurs-78.fr\/index.php\/2021\/05\/03\/le-poid-condamne-les-agressions-contre-la-cgt-et-ses-militants-le-1er-mai-a-paris\/"]}]},{"@type":"ImageObject","inLanguage":"fr-FR","@id":"https:\/\/parti-des-travailleurs-78.fr\/index.php\/2021\/05\/03\/le-poid-condamne-les-agressions-contre-la-cgt-et-ses-militants-le-1er-mai-a-paris\/#primaryimage","url":"https:\/\/parti-des-travailleurs-78.fr\/wp-content\/uploads\/2024\/01\/PDT_COMMUNIQUE.png","contentUrl":"https:\/\/parti-des-travailleurs-78.fr\/wp-content\/uploads\/2024\/01\/PDT_COMMUNIQUE.png","width":496,"height":157,"caption":"PDT_COMMUNIQUE"},{"@type":"BreadcrumbList","@id":"https:\/\/parti-des-travailleurs-78.fr\/index.php\/2021\/05\/03\/le-poid-condamne-les-agressions-contre-la-cgt-et-ses-militants-le-1er-mai-a-paris\/#breadcrumb","itemListElement":[{"@type":"ListItem","position":1,"name":"Accueil","item":"https:\/\/parti-des-travailleurs-78.fr\/"},{"@type":"ListItem","position":2,"name":"Le POID condamne les agressions contre la CGT et ses militants, le 1er mai \u00e0 Paris"}]},{"@type":"WebSite","@id":"https:\/\/parti-des-travailleurs-78.fr\/#website","url":"https:\/\/parti-des-travailleurs-78.fr\/","name":"Parti des travailleurs | Yvelines","description":"","publisher":{"@id":"https:\/\/parti-des-travailleurs-78.fr\/#organization"},"potentialAction":[{"@type":"SearchAction","target":{"@type":"EntryPoint","urlTemplate":"https:\/\/parti-des-travailleurs-78.fr\/?s={search_term_string}"},"query-input":{"@type":"PropertyValueSpecification","valueRequired":true,"valueName":"search_term_string"}}],"inLanguage":"fr-FR"},{"@type":"Organization","@id":"https:\/\/parti-des-travailleurs-78.fr\/#organization","name":"Parti des travailleurs | Yvelines","url":"https:\/\/parti-des-travailleurs-78.fr\/","logo":{"@type":"ImageObject","inLanguage":"fr-FR","@id":"https:\/\/parti-des-travailleurs-78.fr\/#\/schema\/logo\/image\/","url":"https:\/\/parti-des-travailleurs-78.fr\/wp-content\/uploads\/2023\/12\/cropped-Logo_Parti_des_travailleurs.png","contentUrl":"https:\/\/parti-des-travailleurs-78.fr\/wp-content\/uploads\/2023\/12\/cropped-Logo_Parti_des_travailleurs.png","width":512,"height":512,"caption":"Parti des travailleurs | Yvelines"},"image":{"@id":"https:\/\/parti-des-travailleurs-78.fr\/#\/schema\/logo\/image\/"}},{"@type":"Person","@id":"https:\/\/parti-des-travailleurs-78.fr\/#\/schema\/person\/f79ec75f85e9a8cd0a75a9fae65268d6","name":"Elundmin","image":{"@type":"ImageObject","inLanguage":"fr-FR","@id":"https:\/\/parti-des-travailleurs-78.fr\/#\/schema\/person\/image\/","url":"https:\/\/secure.gravatar.com\/avatar\/8d6749b64063ab9baa13169e3cff7275b20043b38a7d0c865ab81e304ceaa9b2?s=96&d=mm&r=g","contentUrl":"https:\/\/secure.gravatar.com\/avatar\/8d6749b64063ab9baa13169e3cff7275b20043b38a7d0c865ab81e304ceaa9b2?s=96&d=mm&r=g","caption":"Elundmin"},"sameAs":["http:\/\/wwazwed.cluster030.hosting.ovh.net"],"url":"https:\/\/parti-des-travailleurs-78.fr\/index.php\/author\/elundmin\/"}]}},"_links":{"self":[{"href":"https:\/\/parti-des-travailleurs-78.fr\/index.php\/wp-json\/wp\/v2\/posts\/415","targetHints":{"allow":["GET"]}}],"collection":[{"href":"https:\/\/parti-des-travailleurs-78.fr\/index.php\/wp-json\/wp\/v2\/posts"}],"about":[{"href":"https:\/\/parti-des-travailleurs-78.fr\/index.php\/wp-json\/wp\/v2\/types\/post"}],"author":[{"embeddable":true,"href":"https:\/\/parti-des-travailleurs-78.fr\/index.php\/wp-json\/wp\/v2\/users\/1"}],"replies":[{"embeddable":true,"href":"https:\/\/parti-des-travailleurs-78.fr\/index.php\/wp-json\/wp\/v2\/comments?post=415"}],"version-history":[{"count":1,"href":"https:\/\/parti-des-travailleurs-78.fr\/index.php\/wp-json\/wp\/v2\/posts\/415\/revisions"}],"predecessor-version":[{"id":416,"href":"https:\/\/parti-des-travailleurs-78.fr\/index.php\/wp-json\/wp\/v2\/posts\/415\/revisions\/416"}],"wp:featuredmedia":[{"embeddable":true,"href":"https:\/\/parti-des-travailleurs-78.fr\/index.php\/wp-json\/wp\/v2\/media\/678"}],"wp:attachment":[{"href":"https:\/\/parti-des-travailleurs-78.fr\/index.php\/wp-json\/wp\/v2\/media?parent=415"}],"wp:term":[{"taxonomy":"category","embeddable":true,"href":"https:\/\/parti-des-travailleurs-78.fr\/index.php\/wp-json\/wp\/v2\/categories?post=415"},{"taxonomy":"post_tag","embeddable":true,"href":"https:\/\/parti-des-travailleurs-78.fr\/index.php\/wp-json\/wp\/v2\/tags?post=415"}],"curies":[{"name":"wp","href":"https:\/\/api.w.org\/{rel}","templated":true}]}}