{"id":955,"date":"2024-08-30T11:00:20","date_gmt":"2024-08-30T09:00:20","guid":{"rendered":"https:\/\/parti-des-travailleurs-78.fr\/?p=955"},"modified":"2025-01-15T20:20:37","modified_gmt":"2025-01-15T19:20:37","slug":"le-parti-des-travailleurs-appelle-a-manifester-le-7-septembre","status":"publish","type":"post","link":"https:\/\/parti-des-travailleurs-78.fr\/index.php\/2024\/08\/30\/le-parti-des-travailleurs-appelle-a-manifester-le-7-septembre\/","title":{"rendered":"Le Parti des travailleurs appelle \u00e0 manifester le 7 septembre"},"content":{"rendered":"<a href=\"https:\/\/parti-des-travailleurs-78.fr\/wp-content\/uploads\/2024\/09\/30-08-24_Communique_Manif_7-09-24.pdf\" class=\"pdfemb-viewer\" style=\"\" data-width=\"max\" data-height=\"max\" data-toolbar=\"bottom\" data-toolbar-fixed=\"off\">30-08-24_Communique_Manif_7-09-24<\/a>\n\n\n<p><\/p>\n","protected":false},"excerpt":{"rendered":"<p>Le Parti des travailleurs appelle ses membres et ses sympathisants \u00e0 participer aux rassemblements convoqu\u00e9s le 7 septembre par plusieurs composantes du Nouveau Front populaire.<br \/>\nC\u2019est un fait : Macron pi\u00e9tine la d\u00e9mocratie.<br \/>\nIl pi\u00e9tine la d\u00e9mocratie au compte des capitalistes qui exigent, par la bouche du Medef, un gouvernement aux ordres pour s\u2019attaquer aux travailleurs et \u00e0 la jeunesse.<br \/>\nIl pi\u00e9tine la d\u00e9mocratie au compte de l\u2019OTAN, qui absorbe toujours plus de moyens pour sa sale guerre en Russie, et au compte de Biden et Netanyahou, qui exigent toujours plus d\u2019argent et d\u2019armes pour le massacre du peuple palestinien.<\/p>\n","protected":false},"author":1,"featured_media":678,"comment_status":"closed","ping_status":"closed","sticky":false,"template":"","format":"standard","meta":{"footnotes":""},"categories":[26],"tags":[27],"class_list":["post-955","post","type-post","status-publish","format-standard","has-post-thumbnail","hentry","category-communique","tag-communique"],"yoast_head":"<!-- This site is optimized with the Yoast SEO plugin v26.1.1 - https:\/\/yoast.com\/wordpress\/plugins\/seo\/ -->\n<title>Le Parti des travailleurs appelle \u00e0 manifester le 7 septembre - Parti des travailleurs | Yvelines<\/title>\n<meta name=\"robots\" content=\"index, follow, max-snippet:-1, max-image-preview:large, max-video-preview:-1\" \/>\n<link rel=\"canonical\" href=\"https:\/\/parti-des-travailleurs-78.fr\/index.php\/2024\/08\/30\/le-parti-des-travailleurs-appelle-a-manifester-le-7-septembre\/\" \/>\n<meta property=\"og:locale\" content=\"fr_FR\" \/>\n<meta property=\"og:type\" content=\"article\" \/>\n<meta property=\"og:title\" content=\"Le Parti des travailleurs appelle \u00e0 manifester le 7 septembre - Parti des travailleurs | Yvelines\" \/>\n<meta property=\"og:description\" content=\"Le Parti des travailleurs appelle ses membres et ses sympathisants \u00e0 participer aux rassemblements convoqu\u00e9s le 7 septembre par plusieurs composantes du Nouveau Front populaire. C\u2019est un fait : Macron pi\u00e9tine la d\u00e9mocratie. Il pi\u00e9tine la d\u00e9mocratie au compte des capitalistes qui exigent, par la bouche du Medef, un gouvernement aux ordres pour s\u2019attaquer aux travailleurs et \u00e0 la jeunesse. Il pi\u00e9tine la d\u00e9mocratie au compte de l\u2019OTAN, qui absorbe toujours plus de moyens pour sa sale guerre en Russie, et au compte de Biden et Netanyahou, qui exigent toujours plus d\u2019argent et d\u2019armes pour le massacre du peuple palestinien.\" \/>\n<meta property=\"og:url\" content=\"https:\/\/parti-des-travailleurs-78.fr\/index.php\/2024\/08\/30\/le-parti-des-travailleurs-appelle-a-manifester-le-7-septembre\/\" \/>\n<meta property=\"og:site_name\" content=\"Parti des travailleurs | Yvelines\" \/>\n<meta property=\"article:published_time\" content=\"2024-08-30T09:00:20+00:00\" \/>\n<meta property=\"article:modified_time\" content=\"2025-01-15T19:20:37+00:00\" \/>\n<meta property=\"og:image\" content=\"https:\/\/parti-des-travailleurs-78.fr\/wp-content\/uploads\/2024\/01\/PDT_COMMUNIQUE.png\" \/>\n\t<meta property=\"og:image:width\" content=\"496\" \/>\n\t<meta property=\"og:image:height\" content=\"157\" \/>\n\t<meta property=\"og:image:type\" content=\"image\/png\" \/>\n<meta name=\"author\" content=\"Elundmin\" \/>\n<meta name=\"twitter:card\" content=\"summary_large_image\" \/>\n<meta name=\"twitter:label1\" content=\"\u00c9crit par\" \/>\n\t<meta name=\"twitter:data1\" content=\"Elundmin\" \/>\n\t<meta name=\"twitter:label2\" content=\"Dur\u00e9e de lecture estim\u00e9e\" \/>\n\t<meta name=\"twitter:data2\" content=\"1 minute\" \/>\n<script type=\"application\/ld+json\" class=\"yoast-schema-graph\">{\"@context\":\"https:\/\/schema.org\",\"@graph\":[{\"@type\":\"Article\",\"@id\":\"https:\/\/parti-des-travailleurs-78.fr\/index.php\/2024\/08\/30\/le-parti-des-travailleurs-appelle-a-manifester-le-7-septembre\/#article\",\"isPartOf\":{\"@id\":\"https:\/\/parti-des-travailleurs-78.fr\/index.php\/2024\/08\/30\/le-parti-des-travailleurs-appelle-a-manifester-le-7-septembre\/\"},\"author\":{\"name\":\"Elundmin\",\"@id\":\"https:\/\/parti-des-travailleurs-78.fr\/#\/schema\/person\/f79ec75f85e9a8cd0a75a9fae65268d6\"},\"headline\":\"Le Parti des travailleurs appelle \u00e0 manifester le 7 septembre\",\"datePublished\":\"2024-08-30T09:00:20+00:00\",\"dateModified\":\"2025-01-15T19:20:37+00:00\",\"mainEntityOfPage\":{\"@id\":\"https:\/\/parti-des-travailleurs-78.fr\/index.php\/2024\/08\/30\/le-parti-des-travailleurs-appelle-a-manifester-le-7-septembre\/\"},\"wordCount\":8,\"publisher\":{\"@id\":\"https:\/\/parti-des-travailleurs-78.fr\/#organization\"},\"image\":{\"@id\":\"https:\/\/parti-des-travailleurs-78.fr\/index.php\/2024\/08\/30\/le-parti-des-travailleurs-appelle-a-manifester-le-7-septembre\/#primaryimage\"},\"thumbnailUrl\":\"https:\/\/parti-des-travailleurs-78.fr\/wp-content\/uploads\/2024\/01\/PDT_COMMUNIQUE.png\",\"keywords\":[\"Communiqu\u00e9\"],\"articleSection\":[\"Communiqu\u00e9\"],\"inLanguage\":\"fr-FR\"},{\"@type\":\"WebPage\",\"@id\":\"https:\/\/parti-des-travailleurs-78.fr\/index.php\/2024\/08\/30\/le-parti-des-travailleurs-appelle-a-manifester-le-7-septembre\/\",\"url\":\"https:\/\/parti-des-travailleurs-78.fr\/index.php\/2024\/08\/30\/le-parti-des-travailleurs-appelle-a-manifester-le-7-septembre\/\",\"name\":\"Le Parti des travailleurs appelle \u00e0 manifester le 7 septembre - Parti des travailleurs | Yvelines\",\"isPartOf\":{\"@id\":\"https:\/\/parti-des-travailleurs-78.fr\/#website\"},\"primaryImageOfPage\":{\"@id\":\"https:\/\/parti-des-travailleurs-78.fr\/index.php\/2024\/08\/30\/le-parti-des-travailleurs-appelle-a-manifester-le-7-septembre\/#primaryimage\"},\"image\":{\"@id\":\"https:\/\/parti-des-travailleurs-78.fr\/index.php\/2024\/08\/30\/le-parti-des-travailleurs-appelle-a-manifester-le-7-septembre\/#primaryimage\"},\"thumbnailUrl\":\"https:\/\/parti-des-travailleurs-78.fr\/wp-content\/uploads\/2024\/01\/PDT_COMMUNIQUE.png\",\"datePublished\":\"2024-08-30T09:00:20+00:00\",\"dateModified\":\"2025-01-15T19:20:37+00:00\",\"breadcrumb\":{\"@id\":\"https:\/\/parti-des-travailleurs-78.fr\/index.php\/2024\/08\/30\/le-parti-des-travailleurs-appelle-a-manifester-le-7-septembre\/#breadcrumb\"},\"inLanguage\":\"fr-FR\",\"potentialAction\":[{\"@type\":\"ReadAction\",\"target\":[\"https:\/\/parti-des-travailleurs-78.fr\/index.php\/2024\/08\/30\/le-parti-des-travailleurs-appelle-a-manifester-le-7-septembre\/\"]}]},{\"@type\":\"ImageObject\",\"inLanguage\":\"fr-FR\",\"@id\":\"https:\/\/parti-des-travailleurs-78.fr\/index.php\/2024\/08\/30\/le-parti-des-travailleurs-appelle-a-manifester-le-7-septembre\/#primaryimage\",\"url\":\"https:\/\/parti-des-travailleurs-78.fr\/wp-content\/uploads\/2024\/01\/PDT_COMMUNIQUE.png\",\"contentUrl\":\"https:\/\/parti-des-travailleurs-78.fr\/wp-content\/uploads\/2024\/01\/PDT_COMMUNIQUE.png\",\"width\":496,\"height\":157,\"caption\":\"PDT_COMMUNIQUE\"},{\"@type\":\"BreadcrumbList\",\"@id\":\"https:\/\/parti-des-travailleurs-78.fr\/index.php\/2024\/08\/30\/le-parti-des-travailleurs-appelle-a-manifester-le-7-septembre\/#breadcrumb\",\"itemListElement\":[{\"@type\":\"ListItem\",\"position\":1,\"name\":\"Accueil\",\"item\":\"https:\/\/parti-des-travailleurs-78.fr\/\"},{\"@type\":\"ListItem\",\"position\":2,\"name\":\"Le Parti des travailleurs appelle \u00e0 manifester le 7 septembre\"}]},{\"@type\":\"WebSite\",\"@id\":\"https:\/\/parti-des-travailleurs-78.fr\/#website\",\"url\":\"https:\/\/parti-des-travailleurs-78.fr\/\",\"name\":\"Parti des travailleurs | Yvelines\",\"description\":\"\",\"publisher\":{\"@id\":\"https:\/\/parti-des-travailleurs-78.fr\/#organization\"},\"potentialAction\":[{\"@type\":\"SearchAction\",\"target\":{\"@type\":\"EntryPoint\",\"urlTemplate\":\"https:\/\/parti-des-travailleurs-78.fr\/?s={search_term_string}\"},\"query-input\":{\"@type\":\"PropertyValueSpecification\",\"valueRequired\":true,\"valueName\":\"search_term_string\"}}],\"inLanguage\":\"fr-FR\"},{\"@type\":\"Organization\",\"@id\":\"https:\/\/parti-des-travailleurs-78.fr\/#organization\",\"name\":\"Parti des travailleurs | Yvelines\",\"url\":\"https:\/\/parti-des-travailleurs-78.fr\/\",\"logo\":{\"@type\":\"ImageObject\",\"inLanguage\":\"fr-FR\",\"@id\":\"https:\/\/parti-des-travailleurs-78.fr\/#\/schema\/logo\/image\/\",\"url\":\"https:\/\/parti-des-travailleurs-78.fr\/wp-content\/uploads\/2023\/12\/cropped-Logo_Parti_des_travailleurs.png\",\"contentUrl\":\"https:\/\/parti-des-travailleurs-78.fr\/wp-content\/uploads\/2023\/12\/cropped-Logo_Parti_des_travailleurs.png\",\"width\":512,\"height\":512,\"caption\":\"Parti des travailleurs | Yvelines\"},\"image\":{\"@id\":\"https:\/\/parti-des-travailleurs-78.fr\/#\/schema\/logo\/image\/\"}},{\"@type\":\"Person\",\"@id\":\"https:\/\/parti-des-travailleurs-78.fr\/#\/schema\/person\/f79ec75f85e9a8cd0a75a9fae65268d6\",\"name\":\"Elundmin\",\"image\":{\"@type\":\"ImageObject\",\"inLanguage\":\"fr-FR\",\"@id\":\"https:\/\/parti-des-travailleurs-78.fr\/#\/schema\/person\/image\/\",\"url\":\"https:\/\/secure.gravatar.com\/avatar\/8d6749b64063ab9baa13169e3cff7275b20043b38a7d0c865ab81e304ceaa9b2?s=96&d=mm&r=g\",\"contentUrl\":\"https:\/\/secure.gravatar.com\/avatar\/8d6749b64063ab9baa13169e3cff7275b20043b38a7d0c865ab81e304ceaa9b2?s=96&d=mm&r=g\",\"caption\":\"Elundmin\"},\"sameAs\":[\"http:\/\/wwazwed.cluster030.hosting.ovh.net\"],\"url\":\"https:\/\/parti-des-travailleurs-78.fr\/index.php\/author\/elundmin\/\"}]}<\/script>\n<!-- \/ Yoast SEO plugin. -->","yoast_head_json":{"title":"Le Parti des travailleurs appelle \u00e0 manifester le 7 septembre - Parti des travailleurs | Yvelines","robots":{"index":"index","follow":"follow","max-snippet":"max-snippet:-1","max-image-preview":"max-image-preview:large","max-video-preview":"max-video-preview:-1"},"canonical":"https:\/\/parti-des-travailleurs-78.fr\/index.php\/2024\/08\/30\/le-parti-des-travailleurs-appelle-a-manifester-le-7-septembre\/","og_locale":"fr_FR","og_type":"article","og_title":"Le Parti des travailleurs appelle \u00e0 manifester le 7 septembre - Parti des travailleurs | Yvelines","og_description":"Le Parti des travailleurs appelle ses membres et ses sympathisants \u00e0 participer aux rassemblements convoqu\u00e9s le 7 septembre par plusieurs composantes du Nouveau Front populaire. C\u2019est un fait : Macron pi\u00e9tine la d\u00e9mocratie. Il pi\u00e9tine la d\u00e9mocratie au compte des capitalistes qui exigent, par la bouche du Medef, un gouvernement aux ordres pour s\u2019attaquer aux travailleurs et \u00e0 la jeunesse. Il pi\u00e9tine la d\u00e9mocratie au compte de l\u2019OTAN, qui absorbe toujours plus de moyens pour sa sale guerre en Russie, et au compte de Biden et Netanyahou, qui exigent toujours plus d\u2019argent et d\u2019armes pour le massacre du peuple palestinien.","og_url":"https:\/\/parti-des-travailleurs-78.fr\/index.php\/2024\/08\/30\/le-parti-des-travailleurs-appelle-a-manifester-le-7-septembre\/","og_site_name":"Parti des travailleurs | Yvelines","article_published_time":"2024-08-30T09:00:20+00:00","article_modified_time":"2025-01-15T19:20:37+00:00","og_image":[{"width":496,"height":157,"url":"https:\/\/parti-des-travailleurs-78.fr\/wp-content\/uploads\/2024\/01\/PDT_COMMUNIQUE.png","type":"image\/png"}],"author":"Elundmin","twitter_card":"summary_large_image","twitter_misc":{"\u00c9crit par":"Elundmin","Dur\u00e9e de lecture estim\u00e9e":"1 minute"},"schema":{"@context":"https:\/\/schema.org","@graph":[{"@type":"Article","@id":"https:\/\/parti-des-travailleurs-78.fr\/index.php\/2024\/08\/30\/le-parti-des-travailleurs-appelle-a-manifester-le-7-septembre\/#article","isPartOf":{"@id":"https:\/\/parti-des-travailleurs-78.fr\/index.php\/2024\/08\/30\/le-parti-des-travailleurs-appelle-a-manifester-le-7-septembre\/"},"author":{"name":"Elundmin","@id":"https:\/\/parti-des-travailleurs-78.fr\/#\/schema\/person\/f79ec75f85e9a8cd0a75a9fae65268d6"},"headline":"Le Parti des travailleurs appelle \u00e0 manifester le 7 septembre","datePublished":"2024-08-30T09:00:20+00:00","dateModified":"2025-01-15T19:20:37+00:00","mainEntityOfPage":{"@id":"https:\/\/parti-des-travailleurs-78.fr\/index.php\/2024\/08\/30\/le-parti-des-travailleurs-appelle-a-manifester-le-7-septembre\/"},"wordCount":8,"publisher":{"@id":"https:\/\/parti-des-travailleurs-78.fr\/#organization"},"image":{"@id":"https:\/\/parti-des-travailleurs-78.fr\/index.php\/2024\/08\/30\/le-parti-des-travailleurs-appelle-a-manifester-le-7-septembre\/#primaryimage"},"thumbnailUrl":"https:\/\/parti-des-travailleurs-78.fr\/wp-content\/uploads\/2024\/01\/PDT_COMMUNIQUE.png","keywords":["Communiqu\u00e9"],"articleSection":["Communiqu\u00e9"],"inLanguage":"fr-FR"},{"@type":"WebPage","@id":"https:\/\/parti-des-travailleurs-78.fr\/index.php\/2024\/08\/30\/le-parti-des-travailleurs-appelle-a-manifester-le-7-septembre\/","url":"https:\/\/parti-des-travailleurs-78.fr\/index.php\/2024\/08\/30\/le-parti-des-travailleurs-appelle-a-manifester-le-7-septembre\/","name":"Le Parti des travailleurs appelle \u00e0 manifester le 7 septembre - Parti des travailleurs | Yvelines","isPartOf":{"@id":"https:\/\/parti-des-travailleurs-78.fr\/#website"},"primaryImageOfPage":{"@id":"https:\/\/parti-des-travailleurs-78.fr\/index.php\/2024\/08\/30\/le-parti-des-travailleurs-appelle-a-manifester-le-7-septembre\/#primaryimage"},"image":{"@id":"https:\/\/parti-des-travailleurs-78.fr\/index.php\/2024\/08\/30\/le-parti-des-travailleurs-appelle-a-manifester-le-7-septembre\/#primaryimage"},"thumbnailUrl":"https:\/\/parti-des-travailleurs-78.fr\/wp-content\/uploads\/2024\/01\/PDT_COMMUNIQUE.png","datePublished":"2024-08-30T09:00:20+00:00","dateModified":"2025-01-15T19:20:37+00:00","breadcrumb":{"@id":"https:\/\/parti-des-travailleurs-78.fr\/index.php\/2024\/08\/30\/le-parti-des-travailleurs-appelle-a-manifester-le-7-septembre\/#breadcrumb"},"inLanguage":"fr-FR","potentialAction":[{"@type":"ReadAction","target":["https:\/\/parti-des-travailleurs-78.fr\/index.php\/2024\/08\/30\/le-parti-des-travailleurs-appelle-a-manifester-le-7-septembre\/"]}]},{"@type":"ImageObject","inLanguage":"fr-FR","@id":"https:\/\/parti-des-travailleurs-78.fr\/index.php\/2024\/08\/30\/le-parti-des-travailleurs-appelle-a-manifester-le-7-septembre\/#primaryimage","url":"https:\/\/parti-des-travailleurs-78.fr\/wp-content\/uploads\/2024\/01\/PDT_COMMUNIQUE.png","contentUrl":"https:\/\/parti-des-travailleurs-78.fr\/wp-content\/uploads\/2024\/01\/PDT_COMMUNIQUE.png","width":496,"height":157,"caption":"PDT_COMMUNIQUE"},{"@type":"BreadcrumbList","@id":"https:\/\/parti-des-travailleurs-78.fr\/index.php\/2024\/08\/30\/le-parti-des-travailleurs-appelle-a-manifester-le-7-septembre\/#breadcrumb","itemListElement":[{"@type":"ListItem","position":1,"name":"Accueil","item":"https:\/\/parti-des-travailleurs-78.fr\/"},{"@type":"ListItem","position":2,"name":"Le Parti des travailleurs appelle \u00e0 manifester le 7 septembre"}]},{"@type":"WebSite","@id":"https:\/\/parti-des-travailleurs-78.fr\/#website","url":"https:\/\/parti-des-travailleurs-78.fr\/","name":"Parti des travailleurs | Yvelines","description":"","publisher":{"@id":"https:\/\/parti-des-travailleurs-78.fr\/#organization"},"potentialAction":[{"@type":"SearchAction","target":{"@type":"EntryPoint","urlTemplate":"https:\/\/parti-des-travailleurs-78.fr\/?s={search_term_string}"},"query-input":{"@type":"PropertyValueSpecification","valueRequired":true,"valueName":"search_term_string"}}],"inLanguage":"fr-FR"},{"@type":"Organization","@id":"https:\/\/parti-des-travailleurs-78.fr\/#organization","name":"Parti des travailleurs | Yvelines","url":"https:\/\/parti-des-travailleurs-78.fr\/","logo":{"@type":"ImageObject","inLanguage":"fr-FR","@id":"https:\/\/parti-des-travailleurs-78.fr\/#\/schema\/logo\/image\/","url":"https:\/\/parti-des-travailleurs-78.fr\/wp-content\/uploads\/2023\/12\/cropped-Logo_Parti_des_travailleurs.png","contentUrl":"https:\/\/parti-des-travailleurs-78.fr\/wp-content\/uploads\/2023\/12\/cropped-Logo_Parti_des_travailleurs.png","width":512,"height":512,"caption":"Parti des travailleurs | Yvelines"},"image":{"@id":"https:\/\/parti-des-travailleurs-78.fr\/#\/schema\/logo\/image\/"}},{"@type":"Person","@id":"https:\/\/parti-des-travailleurs-78.fr\/#\/schema\/person\/f79ec75f85e9a8cd0a75a9fae65268d6","name":"Elundmin","image":{"@type":"ImageObject","inLanguage":"fr-FR","@id":"https:\/\/parti-des-travailleurs-78.fr\/#\/schema\/person\/image\/","url":"https:\/\/secure.gravatar.com\/avatar\/8d6749b64063ab9baa13169e3cff7275b20043b38a7d0c865ab81e304ceaa9b2?s=96&d=mm&r=g","contentUrl":"https:\/\/secure.gravatar.com\/avatar\/8d6749b64063ab9baa13169e3cff7275b20043b38a7d0c865ab81e304ceaa9b2?s=96&d=mm&r=g","caption":"Elundmin"},"sameAs":["http:\/\/wwazwed.cluster030.hosting.ovh.net"],"url":"https:\/\/parti-des-travailleurs-78.fr\/index.php\/author\/elundmin\/"}]}},"_links":{"self":[{"href":"https:\/\/parti-des-travailleurs-78.fr\/index.php\/wp-json\/wp\/v2\/posts\/955","targetHints":{"allow":["GET"]}}],"collection":[{"href":"https:\/\/parti-des-travailleurs-78.fr\/index.php\/wp-json\/wp\/v2\/posts"}],"about":[{"href":"https:\/\/parti-des-travailleurs-78.fr\/index.php\/wp-json\/wp\/v2\/types\/post"}],"author":[{"embeddable":true,"href":"https:\/\/parti-des-travailleurs-78.fr\/index.php\/wp-json\/wp\/v2\/users\/1"}],"replies":[{"embeddable":true,"href":"https:\/\/parti-des-travailleurs-78.fr\/index.php\/wp-json\/wp\/v2\/comments?post=955"}],"version-history":[{"count":1,"href":"https:\/\/parti-des-travailleurs-78.fr\/index.php\/wp-json\/wp\/v2\/posts\/955\/revisions"}],"predecessor-version":[{"id":957,"href":"https:\/\/parti-des-travailleurs-78.fr\/index.php\/wp-json\/wp\/v2\/posts\/955\/revisions\/957"}],"wp:featuredmedia":[{"embeddable":true,"href":"https:\/\/parti-des-travailleurs-78.fr\/index.php\/wp-json\/wp\/v2\/media\/678"}],"wp:attachment":[{"href":"https:\/\/parti-des-travailleurs-78.fr\/index.php\/wp-json\/wp\/v2\/media?parent=955"}],"wp:term":[{"taxonomy":"category","embeddable":true,"href":"https:\/\/parti-des-travailleurs-78.fr\/index.php\/wp-json\/wp\/v2\/categories?post=955"},{"taxonomy":"post_tag","embeddable":true,"href":"https:\/\/parti-des-travailleurs-78.fr\/index.php\/wp-json\/wp\/v2\/tags?post=955"}],"curies":[{"name":"wp","href":"https:\/\/api.w.org\/{rel}","templated":true}]}}