{"id":967,"date":"2024-09-11T17:21:08","date_gmt":"2024-09-11T15:21:08","guid":{"rendered":"https:\/\/parti-des-travailleurs-78.fr\/?p=967"},"modified":"2025-01-15T20:20:18","modified_gmt":"2025-01-15T19:20:18","slug":"non-a-la-fermeture-du-bureau-de-poste-de-gassicourt","status":"publish","type":"post","link":"https:\/\/parti-des-travailleurs-78.fr\/index.php\/2024\/09\/11\/non-a-la-fermeture-du-bureau-de-poste-de-gassicourt\/","title":{"rendered":"Non \u00e0 la fermeture du bureau de poste de Gassicourt !"},"content":{"rendered":"<a href=\"https:\/\/parti-des-travailleurs-78.fr\/wp-content\/uploads\/2024\/09\/Comite-de-Mantes_La-Poste_-corrVCB.pdf\" class=\"pdfemb-viewer\" style=\"\" data-width=\"max\" data-height=\"max\" data-toolbar=\"bottom\" data-toolbar-fixed=\"off\">Comite-de-Mantes_La-Poste_-corrVCB<\/a>","protected":false},"excerpt":{"rendered":"<p>&#8230;Maintien des emplois et de toute l\u2019activit\u00e9 !<br \/>\nL\u2019\u00c9tat est responsable, il doit intervenir et emp\u00eacher la fermeture !<br \/>\nL\u2019argent pour les services publics , les h\u00f4pitaux et l\u2019\u00e9cole , pas pour la guerre.<\/p>\n","protected":false},"author":1,"featured_media":968,"comment_status":"closed","ping_status":"closed","sticky":false,"template":"","format":"standard","meta":{"footnotes":""},"categories":[24],"tags":[25],"class_list":["post-967","post","type-post","status-publish","format-standard","has-post-thumbnail","hentry","category-article","tag-article"],"yoast_head":"<!-- This site is optimized with the Yoast SEO plugin v26.1.1 - https:\/\/yoast.com\/wordpress\/plugins\/seo\/ -->\n<title>Non \u00e0 la fermeture du bureau de poste de Gassicourt ! - Parti des travailleurs | Yvelines<\/title>\n<meta name=\"robots\" content=\"index, follow, max-snippet:-1, max-image-preview:large, max-video-preview:-1\" \/>\n<link rel=\"canonical\" href=\"https:\/\/parti-des-travailleurs-78.fr\/index.php\/2024\/09\/11\/non-a-la-fermeture-du-bureau-de-poste-de-gassicourt\/\" \/>\n<meta property=\"og:locale\" content=\"fr_FR\" \/>\n<meta property=\"og:type\" content=\"article\" \/>\n<meta property=\"og:title\" content=\"Non \u00e0 la fermeture du bureau de poste de Gassicourt ! - Parti des travailleurs | Yvelines\" \/>\n<meta property=\"og:description\" content=\"...Maintien des emplois et de toute l\u2019activit\u00e9 ! L\u2019\u00c9tat est responsable, il doit intervenir et emp\u00eacher la fermeture ! L\u2019argent pour les services publics , les h\u00f4pitaux et l\u2019\u00e9cole , pas pour la guerre.\" \/>\n<meta property=\"og:url\" content=\"https:\/\/parti-des-travailleurs-78.fr\/index.php\/2024\/09\/11\/non-a-la-fermeture-du-bureau-de-poste-de-gassicourt\/\" \/>\n<meta property=\"og:site_name\" content=\"Parti des travailleurs | Yvelines\" \/>\n<meta property=\"article:published_time\" content=\"2024-09-11T15:21:08+00:00\" \/>\n<meta property=\"article:modified_time\" content=\"2025-01-15T19:20:18+00:00\" \/>\n<meta property=\"og:image\" content=\"https:\/\/parti-des-travailleurs-78.fr\/wp-content\/uploads\/2024\/09\/20240911_105305_BPG_2-scaled.jpg\" \/>\n\t<meta property=\"og:image:width\" content=\"2560\" \/>\n\t<meta property=\"og:image:height\" content=\"1843\" \/>\n\t<meta property=\"og:image:type\" content=\"image\/jpeg\" \/>\n<meta name=\"author\" content=\"Elundmin\" \/>\n<meta name=\"twitter:card\" content=\"summary_large_image\" \/>\n<meta name=\"twitter:label1\" content=\"\u00c9crit par\" \/>\n\t<meta name=\"twitter:data1\" content=\"Elundmin\" \/>\n\t<meta name=\"twitter:label2\" content=\"Dur\u00e9e de lecture estim\u00e9e\" \/>\n\t<meta name=\"twitter:data2\" content=\"1 minute\" \/>\n<script type=\"application\/ld+json\" class=\"yoast-schema-graph\">{\"@context\":\"https:\/\/schema.org\",\"@graph\":[{\"@type\":\"Article\",\"@id\":\"https:\/\/parti-des-travailleurs-78.fr\/index.php\/2024\/09\/11\/non-a-la-fermeture-du-bureau-de-poste-de-gassicourt\/#article\",\"isPartOf\":{\"@id\":\"https:\/\/parti-des-travailleurs-78.fr\/index.php\/2024\/09\/11\/non-a-la-fermeture-du-bureau-de-poste-de-gassicourt\/\"},\"author\":{\"name\":\"Elundmin\",\"@id\":\"https:\/\/parti-des-travailleurs-78.fr\/#\/schema\/person\/f79ec75f85e9a8cd0a75a9fae65268d6\"},\"headline\":\"Non \u00e0 la fermeture du bureau de poste de Gassicourt !\",\"datePublished\":\"2024-09-11T15:21:08+00:00\",\"dateModified\":\"2025-01-15T19:20:18+00:00\",\"mainEntityOfPage\":{\"@id\":\"https:\/\/parti-des-travailleurs-78.fr\/index.php\/2024\/09\/11\/non-a-la-fermeture-du-bureau-de-poste-de-gassicourt\/\"},\"wordCount\":9,\"publisher\":{\"@id\":\"https:\/\/parti-des-travailleurs-78.fr\/#organization\"},\"image\":{\"@id\":\"https:\/\/parti-des-travailleurs-78.fr\/index.php\/2024\/09\/11\/non-a-la-fermeture-du-bureau-de-poste-de-gassicourt\/#primaryimage\"},\"thumbnailUrl\":\"https:\/\/parti-des-travailleurs-78.fr\/wp-content\/uploads\/2024\/09\/20240911_105305_BPG_2-scaled.jpg\",\"keywords\":[\"Article\"],\"articleSection\":[\"Article\"],\"inLanguage\":\"fr-FR\"},{\"@type\":\"WebPage\",\"@id\":\"https:\/\/parti-des-travailleurs-78.fr\/index.php\/2024\/09\/11\/non-a-la-fermeture-du-bureau-de-poste-de-gassicourt\/\",\"url\":\"https:\/\/parti-des-travailleurs-78.fr\/index.php\/2024\/09\/11\/non-a-la-fermeture-du-bureau-de-poste-de-gassicourt\/\",\"name\":\"Non \u00e0 la fermeture du bureau de poste de Gassicourt ! - Parti des travailleurs | Yvelines\",\"isPartOf\":{\"@id\":\"https:\/\/parti-des-travailleurs-78.fr\/#website\"},\"primaryImageOfPage\":{\"@id\":\"https:\/\/parti-des-travailleurs-78.fr\/index.php\/2024\/09\/11\/non-a-la-fermeture-du-bureau-de-poste-de-gassicourt\/#primaryimage\"},\"image\":{\"@id\":\"https:\/\/parti-des-travailleurs-78.fr\/index.php\/2024\/09\/11\/non-a-la-fermeture-du-bureau-de-poste-de-gassicourt\/#primaryimage\"},\"thumbnailUrl\":\"https:\/\/parti-des-travailleurs-78.fr\/wp-content\/uploads\/2024\/09\/20240911_105305_BPG_2-scaled.jpg\",\"datePublished\":\"2024-09-11T15:21:08+00:00\",\"dateModified\":\"2025-01-15T19:20:18+00:00\",\"breadcrumb\":{\"@id\":\"https:\/\/parti-des-travailleurs-78.fr\/index.php\/2024\/09\/11\/non-a-la-fermeture-du-bureau-de-poste-de-gassicourt\/#breadcrumb\"},\"inLanguage\":\"fr-FR\",\"potentialAction\":[{\"@type\":\"ReadAction\",\"target\":[\"https:\/\/parti-des-travailleurs-78.fr\/index.php\/2024\/09\/11\/non-a-la-fermeture-du-bureau-de-poste-de-gassicourt\/\"]}]},{\"@type\":\"ImageObject\",\"inLanguage\":\"fr-FR\",\"@id\":\"https:\/\/parti-des-travailleurs-78.fr\/index.php\/2024\/09\/11\/non-a-la-fermeture-du-bureau-de-poste-de-gassicourt\/#primaryimage\",\"url\":\"https:\/\/parti-des-travailleurs-78.fr\/wp-content\/uploads\/2024\/09\/20240911_105305_BPG_2-scaled.jpg\",\"contentUrl\":\"https:\/\/parti-des-travailleurs-78.fr\/wp-content\/uploads\/2024\/09\/20240911_105305_BPG_2-scaled.jpg\",\"width\":2560,\"height\":1843},{\"@type\":\"BreadcrumbList\",\"@id\":\"https:\/\/parti-des-travailleurs-78.fr\/index.php\/2024\/09\/11\/non-a-la-fermeture-du-bureau-de-poste-de-gassicourt\/#breadcrumb\",\"itemListElement\":[{\"@type\":\"ListItem\",\"position\":1,\"name\":\"Accueil\",\"item\":\"https:\/\/parti-des-travailleurs-78.fr\/\"},{\"@type\":\"ListItem\",\"position\":2,\"name\":\"Non \u00e0 la fermeture du bureau de poste de Gassicourt !\"}]},{\"@type\":\"WebSite\",\"@id\":\"https:\/\/parti-des-travailleurs-78.fr\/#website\",\"url\":\"https:\/\/parti-des-travailleurs-78.fr\/\",\"name\":\"Parti des travailleurs | Yvelines\",\"description\":\"\",\"publisher\":{\"@id\":\"https:\/\/parti-des-travailleurs-78.fr\/#organization\"},\"potentialAction\":[{\"@type\":\"SearchAction\",\"target\":{\"@type\":\"EntryPoint\",\"urlTemplate\":\"https:\/\/parti-des-travailleurs-78.fr\/?s={search_term_string}\"},\"query-input\":{\"@type\":\"PropertyValueSpecification\",\"valueRequired\":true,\"valueName\":\"search_term_string\"}}],\"inLanguage\":\"fr-FR\"},{\"@type\":\"Organization\",\"@id\":\"https:\/\/parti-des-travailleurs-78.fr\/#organization\",\"name\":\"Parti des travailleurs | Yvelines\",\"url\":\"https:\/\/parti-des-travailleurs-78.fr\/\",\"logo\":{\"@type\":\"ImageObject\",\"inLanguage\":\"fr-FR\",\"@id\":\"https:\/\/parti-des-travailleurs-78.fr\/#\/schema\/logo\/image\/\",\"url\":\"https:\/\/parti-des-travailleurs-78.fr\/wp-content\/uploads\/2023\/12\/cropped-Logo_Parti_des_travailleurs.png\",\"contentUrl\":\"https:\/\/parti-des-travailleurs-78.fr\/wp-content\/uploads\/2023\/12\/cropped-Logo_Parti_des_travailleurs.png\",\"width\":512,\"height\":512,\"caption\":\"Parti des travailleurs | Yvelines\"},\"image\":{\"@id\":\"https:\/\/parti-des-travailleurs-78.fr\/#\/schema\/logo\/image\/\"}},{\"@type\":\"Person\",\"@id\":\"https:\/\/parti-des-travailleurs-78.fr\/#\/schema\/person\/f79ec75f85e9a8cd0a75a9fae65268d6\",\"name\":\"Elundmin\",\"image\":{\"@type\":\"ImageObject\",\"inLanguage\":\"fr-FR\",\"@id\":\"https:\/\/parti-des-travailleurs-78.fr\/#\/schema\/person\/image\/\",\"url\":\"https:\/\/secure.gravatar.com\/avatar\/8d6749b64063ab9baa13169e3cff7275b20043b38a7d0c865ab81e304ceaa9b2?s=96&d=mm&r=g\",\"contentUrl\":\"https:\/\/secure.gravatar.com\/avatar\/8d6749b64063ab9baa13169e3cff7275b20043b38a7d0c865ab81e304ceaa9b2?s=96&d=mm&r=g\",\"caption\":\"Elundmin\"},\"sameAs\":[\"http:\/\/wwazwed.cluster030.hosting.ovh.net\"],\"url\":\"https:\/\/parti-des-travailleurs-78.fr\/index.php\/author\/elundmin\/\"}]}<\/script>\n<!-- \/ Yoast SEO plugin. -->","yoast_head_json":{"title":"Non \u00e0 la fermeture du bureau de poste de Gassicourt ! - Parti des travailleurs | Yvelines","robots":{"index":"index","follow":"follow","max-snippet":"max-snippet:-1","max-image-preview":"max-image-preview:large","max-video-preview":"max-video-preview:-1"},"canonical":"https:\/\/parti-des-travailleurs-78.fr\/index.php\/2024\/09\/11\/non-a-la-fermeture-du-bureau-de-poste-de-gassicourt\/","og_locale":"fr_FR","og_type":"article","og_title":"Non \u00e0 la fermeture du bureau de poste de Gassicourt ! - Parti des travailleurs | Yvelines","og_description":"...Maintien des emplois et de toute l\u2019activit\u00e9 ! L\u2019\u00c9tat est responsable, il doit intervenir et emp\u00eacher la fermeture ! L\u2019argent pour les services publics , les h\u00f4pitaux et l\u2019\u00e9cole , pas pour la guerre.","og_url":"https:\/\/parti-des-travailleurs-78.fr\/index.php\/2024\/09\/11\/non-a-la-fermeture-du-bureau-de-poste-de-gassicourt\/","og_site_name":"Parti des travailleurs | Yvelines","article_published_time":"2024-09-11T15:21:08+00:00","article_modified_time":"2025-01-15T19:20:18+00:00","og_image":[{"width":2560,"height":1843,"url":"https:\/\/parti-des-travailleurs-78.fr\/wp-content\/uploads\/2024\/09\/20240911_105305_BPG_2-scaled.jpg","type":"image\/jpeg"}],"author":"Elundmin","twitter_card":"summary_large_image","twitter_misc":{"\u00c9crit par":"Elundmin","Dur\u00e9e de lecture estim\u00e9e":"1 minute"},"schema":{"@context":"https:\/\/schema.org","@graph":[{"@type":"Article","@id":"https:\/\/parti-des-travailleurs-78.fr\/index.php\/2024\/09\/11\/non-a-la-fermeture-du-bureau-de-poste-de-gassicourt\/#article","isPartOf":{"@id":"https:\/\/parti-des-travailleurs-78.fr\/index.php\/2024\/09\/11\/non-a-la-fermeture-du-bureau-de-poste-de-gassicourt\/"},"author":{"name":"Elundmin","@id":"https:\/\/parti-des-travailleurs-78.fr\/#\/schema\/person\/f79ec75f85e9a8cd0a75a9fae65268d6"},"headline":"Non \u00e0 la fermeture du bureau de poste de Gassicourt !","datePublished":"2024-09-11T15:21:08+00:00","dateModified":"2025-01-15T19:20:18+00:00","mainEntityOfPage":{"@id":"https:\/\/parti-des-travailleurs-78.fr\/index.php\/2024\/09\/11\/non-a-la-fermeture-du-bureau-de-poste-de-gassicourt\/"},"wordCount":9,"publisher":{"@id":"https:\/\/parti-des-travailleurs-78.fr\/#organization"},"image":{"@id":"https:\/\/parti-des-travailleurs-78.fr\/index.php\/2024\/09\/11\/non-a-la-fermeture-du-bureau-de-poste-de-gassicourt\/#primaryimage"},"thumbnailUrl":"https:\/\/parti-des-travailleurs-78.fr\/wp-content\/uploads\/2024\/09\/20240911_105305_BPG_2-scaled.jpg","keywords":["Article"],"articleSection":["Article"],"inLanguage":"fr-FR"},{"@type":"WebPage","@id":"https:\/\/parti-des-travailleurs-78.fr\/index.php\/2024\/09\/11\/non-a-la-fermeture-du-bureau-de-poste-de-gassicourt\/","url":"https:\/\/parti-des-travailleurs-78.fr\/index.php\/2024\/09\/11\/non-a-la-fermeture-du-bureau-de-poste-de-gassicourt\/","name":"Non \u00e0 la fermeture du bureau de poste de Gassicourt ! - Parti des travailleurs | Yvelines","isPartOf":{"@id":"https:\/\/parti-des-travailleurs-78.fr\/#website"},"primaryImageOfPage":{"@id":"https:\/\/parti-des-travailleurs-78.fr\/index.php\/2024\/09\/11\/non-a-la-fermeture-du-bureau-de-poste-de-gassicourt\/#primaryimage"},"image":{"@id":"https:\/\/parti-des-travailleurs-78.fr\/index.php\/2024\/09\/11\/non-a-la-fermeture-du-bureau-de-poste-de-gassicourt\/#primaryimage"},"thumbnailUrl":"https:\/\/parti-des-travailleurs-78.fr\/wp-content\/uploads\/2024\/09\/20240911_105305_BPG_2-scaled.jpg","datePublished":"2024-09-11T15:21:08+00:00","dateModified":"2025-01-15T19:20:18+00:00","breadcrumb":{"@id":"https:\/\/parti-des-travailleurs-78.fr\/index.php\/2024\/09\/11\/non-a-la-fermeture-du-bureau-de-poste-de-gassicourt\/#breadcrumb"},"inLanguage":"fr-FR","potentialAction":[{"@type":"ReadAction","target":["https:\/\/parti-des-travailleurs-78.fr\/index.php\/2024\/09\/11\/non-a-la-fermeture-du-bureau-de-poste-de-gassicourt\/"]}]},{"@type":"ImageObject","inLanguage":"fr-FR","@id":"https:\/\/parti-des-travailleurs-78.fr\/index.php\/2024\/09\/11\/non-a-la-fermeture-du-bureau-de-poste-de-gassicourt\/#primaryimage","url":"https:\/\/parti-des-travailleurs-78.fr\/wp-content\/uploads\/2024\/09\/20240911_105305_BPG_2-scaled.jpg","contentUrl":"https:\/\/parti-des-travailleurs-78.fr\/wp-content\/uploads\/2024\/09\/20240911_105305_BPG_2-scaled.jpg","width":2560,"height":1843},{"@type":"BreadcrumbList","@id":"https:\/\/parti-des-travailleurs-78.fr\/index.php\/2024\/09\/11\/non-a-la-fermeture-du-bureau-de-poste-de-gassicourt\/#breadcrumb","itemListElement":[{"@type":"ListItem","position":1,"name":"Accueil","item":"https:\/\/parti-des-travailleurs-78.fr\/"},{"@type":"ListItem","position":2,"name":"Non \u00e0 la fermeture du bureau de poste de Gassicourt !"}]},{"@type":"WebSite","@id":"https:\/\/parti-des-travailleurs-78.fr\/#website","url":"https:\/\/parti-des-travailleurs-78.fr\/","name":"Parti des travailleurs | Yvelines","description":"","publisher":{"@id":"https:\/\/parti-des-travailleurs-78.fr\/#organization"},"potentialAction":[{"@type":"SearchAction","target":{"@type":"EntryPoint","urlTemplate":"https:\/\/parti-des-travailleurs-78.fr\/?s={search_term_string}"},"query-input":{"@type":"PropertyValueSpecification","valueRequired":true,"valueName":"search_term_string"}}],"inLanguage":"fr-FR"},{"@type":"Organization","@id":"https:\/\/parti-des-travailleurs-78.fr\/#organization","name":"Parti des travailleurs | Yvelines","url":"https:\/\/parti-des-travailleurs-78.fr\/","logo":{"@type":"ImageObject","inLanguage":"fr-FR","@id":"https:\/\/parti-des-travailleurs-78.fr\/#\/schema\/logo\/image\/","url":"https:\/\/parti-des-travailleurs-78.fr\/wp-content\/uploads\/2023\/12\/cropped-Logo_Parti_des_travailleurs.png","contentUrl":"https:\/\/parti-des-travailleurs-78.fr\/wp-content\/uploads\/2023\/12\/cropped-Logo_Parti_des_travailleurs.png","width":512,"height":512,"caption":"Parti des travailleurs | Yvelines"},"image":{"@id":"https:\/\/parti-des-travailleurs-78.fr\/#\/schema\/logo\/image\/"}},{"@type":"Person","@id":"https:\/\/parti-des-travailleurs-78.fr\/#\/schema\/person\/f79ec75f85e9a8cd0a75a9fae65268d6","name":"Elundmin","image":{"@type":"ImageObject","inLanguage":"fr-FR","@id":"https:\/\/parti-des-travailleurs-78.fr\/#\/schema\/person\/image\/","url":"https:\/\/secure.gravatar.com\/avatar\/8d6749b64063ab9baa13169e3cff7275b20043b38a7d0c865ab81e304ceaa9b2?s=96&d=mm&r=g","contentUrl":"https:\/\/secure.gravatar.com\/avatar\/8d6749b64063ab9baa13169e3cff7275b20043b38a7d0c865ab81e304ceaa9b2?s=96&d=mm&r=g","caption":"Elundmin"},"sameAs":["http:\/\/wwazwed.cluster030.hosting.ovh.net"],"url":"https:\/\/parti-des-travailleurs-78.fr\/index.php\/author\/elundmin\/"}]}},"_links":{"self":[{"href":"https:\/\/parti-des-travailleurs-78.fr\/index.php\/wp-json\/wp\/v2\/posts\/967","targetHints":{"allow":["GET"]}}],"collection":[{"href":"https:\/\/parti-des-travailleurs-78.fr\/index.php\/wp-json\/wp\/v2\/posts"}],"about":[{"href":"https:\/\/parti-des-travailleurs-78.fr\/index.php\/wp-json\/wp\/v2\/types\/post"}],"author":[{"embeddable":true,"href":"https:\/\/parti-des-travailleurs-78.fr\/index.php\/wp-json\/wp\/v2\/users\/1"}],"replies":[{"embeddable":true,"href":"https:\/\/parti-des-travailleurs-78.fr\/index.php\/wp-json\/wp\/v2\/comments?post=967"}],"version-history":[{"count":1,"href":"https:\/\/parti-des-travailleurs-78.fr\/index.php\/wp-json\/wp\/v2\/posts\/967\/revisions"}],"predecessor-version":[{"id":970,"href":"https:\/\/parti-des-travailleurs-78.fr\/index.php\/wp-json\/wp\/v2\/posts\/967\/revisions\/970"}],"wp:featuredmedia":[{"embeddable":true,"href":"https:\/\/parti-des-travailleurs-78.fr\/index.php\/wp-json\/wp\/v2\/media\/968"}],"wp:attachment":[{"href":"https:\/\/parti-des-travailleurs-78.fr\/index.php\/wp-json\/wp\/v2\/media?parent=967"}],"wp:term":[{"taxonomy":"category","embeddable":true,"href":"https:\/\/parti-des-travailleurs-78.fr\/index.php\/wp-json\/wp\/v2\/categories?post=967"},{"taxonomy":"post_tag","embeddable":true,"href":"https:\/\/parti-des-travailleurs-78.fr\/index.php\/wp-json\/wp\/v2\/tags?post=967"}],"curies":[{"name":"wp","href":"https:\/\/api.w.org\/{rel}","templated":true}]}}