{"id":984,"date":"2024-09-20T16:47:17","date_gmt":"2024-09-20T14:47:17","guid":{"rendered":"https:\/\/parti-des-travailleurs-78.fr\/?p=984"},"modified":"2025-01-15T20:20:18","modified_gmt":"2025-01-15T19:20:18","slug":"ce-nest-pas-seulement-barnier-quil-faut-chassercest-macron-et-la-constitution-a-bas-la-ve-republique-gouvernement-des-travailleurs-et-de-la-democratie","status":"publish","type":"post","link":"https:\/\/parti-des-travailleurs-78.fr\/index.php\/2024\/09\/20\/ce-nest-pas-seulement-barnier-quil-faut-chassercest-macron-et-la-constitution-a-bas-la-ve-republique-gouvernement-des-travailleurs-et-de-la-democratie\/","title":{"rendered":"Ce n\u2019est pas seulement Barnier qu\u2019il faut chasser, c\u2019est Macron et la Constitution ! \u00c0 bas la Ve R\u00e9publique ! Gouvernement des travailleurs et de la d\u00e9mocratie !"},"content":{"rendered":"<a href=\"https:\/\/parti-des-travailleurs-78.fr\/wp-content\/uploads\/2024\/09\/20_09_24_Manifestation.pdf\" class=\"pdfemb-viewer\" style=\"\" data-width=\"max\" data-height=\"max\" data-toolbar=\"bottom\" data-toolbar-fixed=\"off\">20_09_24_Manifestation<\/a>","protected":false},"excerpt":{"rendered":"<p>Le gouvernement Macron-Barnier s&rsquo;annonce comme le gouvernement de la pire r\u00e9action, anti-ouvri\u00e8re, anti-d\u00e9mocratique.<br \/>\nCe gouvernement, dans sa composition comme dans ses objectifs, pr\u00e9tend effacer le vote du 7 juillet qui a rejet\u00e9 sa politique.<br \/>\nLes travailleurs se poseront la question, comment cela est-il possible ?<br \/>\nComment est-il possible qu&rsquo;un parti ultra minoritaire, Les R\u00e9publicains, puisse \u00eatre charg\u00e9 par un pr\u00e9sident battu dans les \u00e9lections, de constituer malgr\u00e9 tout un gouvernement qui s&rsquo;appr\u00eate \u00e0 porter les coups les plus durs contre les travailleurs et les jeunes ?<\/p>\n","protected":false},"author":1,"featured_media":678,"comment_status":"closed","ping_status":"closed","sticky":false,"template":"","format":"standard","meta":{"footnotes":""},"categories":[26],"tags":[27],"class_list":["post-984","post","type-post","status-publish","format-standard","has-post-thumbnail","hentry","category-communique","tag-communique"],"yoast_head":"<!-- This site is optimized with the Yoast SEO plugin v26.1.1 - https:\/\/yoast.com\/wordpress\/plugins\/seo\/ -->\n<title>Ce n\u2019est pas seulement Barnier qu\u2019il faut chasser, c\u2019est Macron et la Constitution ! \u00c0 bas la Ve R\u00e9publique ! Gouvernement des travailleurs et de la d\u00e9mocratie ! - Parti des travailleurs | Yvelines<\/title>\n<meta name=\"robots\" content=\"index, follow, max-snippet:-1, max-image-preview:large, max-video-preview:-1\" \/>\n<link rel=\"canonical\" href=\"https:\/\/parti-des-travailleurs-78.fr\/index.php\/2024\/09\/20\/ce-nest-pas-seulement-barnier-quil-faut-chassercest-macron-et-la-constitution-a-bas-la-ve-republique-gouvernement-des-travailleurs-et-de-la-democratie\/\" \/>\n<meta property=\"og:locale\" content=\"fr_FR\" \/>\n<meta property=\"og:type\" content=\"article\" \/>\n<meta property=\"og:title\" content=\"Ce n\u2019est pas seulement Barnier qu\u2019il faut chasser, c\u2019est Macron et la Constitution ! \u00c0 bas la Ve R\u00e9publique ! Gouvernement des travailleurs et de la d\u00e9mocratie ! - Parti des travailleurs | Yvelines\" \/>\n<meta property=\"og:description\" content=\"Le gouvernement Macron-Barnier s&#039;annonce comme le gouvernement de la pire r\u00e9action, anti-ouvri\u00e8re, anti-d\u00e9mocratique. Ce gouvernement, dans sa composition comme dans ses objectifs, pr\u00e9tend effacer le vote du 7 juillet qui a rejet\u00e9 sa politique. Les travailleurs se poseront la question, comment cela est-il possible ? Comment est-il possible qu&#039;un parti ultra minoritaire, Les R\u00e9publicains, puisse \u00eatre charg\u00e9 par un pr\u00e9sident battu dans les \u00e9lections, de constituer malgr\u00e9 tout un gouvernement qui s&#039;appr\u00eate \u00e0 porter les coups les plus durs contre les travailleurs et les jeunes ?\" \/>\n<meta property=\"og:url\" content=\"https:\/\/parti-des-travailleurs-78.fr\/index.php\/2024\/09\/20\/ce-nest-pas-seulement-barnier-quil-faut-chassercest-macron-et-la-constitution-a-bas-la-ve-republique-gouvernement-des-travailleurs-et-de-la-democratie\/\" \/>\n<meta property=\"og:site_name\" content=\"Parti des travailleurs | Yvelines\" \/>\n<meta property=\"article:published_time\" content=\"2024-09-20T14:47:17+00:00\" \/>\n<meta property=\"article:modified_time\" content=\"2025-01-15T19:20:18+00:00\" \/>\n<meta property=\"og:image\" content=\"https:\/\/parti-des-travailleurs-78.fr\/wp-content\/uploads\/2024\/01\/PDT_COMMUNIQUE.png\" \/>\n\t<meta property=\"og:image:width\" content=\"496\" \/>\n\t<meta property=\"og:image:height\" content=\"157\" \/>\n\t<meta property=\"og:image:type\" content=\"image\/png\" \/>\n<meta name=\"author\" content=\"Elundmin\" \/>\n<meta name=\"twitter:card\" content=\"summary_large_image\" \/>\n<meta name=\"twitter:label1\" content=\"\u00c9crit par\" \/>\n\t<meta name=\"twitter:data1\" content=\"Elundmin\" \/>\n\t<meta name=\"twitter:label2\" content=\"Dur\u00e9e de lecture estim\u00e9e\" \/>\n\t<meta name=\"twitter:data2\" content=\"1 minute\" \/>\n<script type=\"application\/ld+json\" class=\"yoast-schema-graph\">{\"@context\":\"https:\/\/schema.org\",\"@graph\":[{\"@type\":\"Article\",\"@id\":\"https:\/\/parti-des-travailleurs-78.fr\/index.php\/2024\/09\/20\/ce-nest-pas-seulement-barnier-quil-faut-chassercest-macron-et-la-constitution-a-bas-la-ve-republique-gouvernement-des-travailleurs-et-de-la-democratie\/#article\",\"isPartOf\":{\"@id\":\"https:\/\/parti-des-travailleurs-78.fr\/index.php\/2024\/09\/20\/ce-nest-pas-seulement-barnier-quil-faut-chassercest-macron-et-la-constitution-a-bas-la-ve-republique-gouvernement-des-travailleurs-et-de-la-democratie\/\"},\"author\":{\"name\":\"Elundmin\",\"@id\":\"https:\/\/parti-des-travailleurs-78.fr\/#\/schema\/person\/f79ec75f85e9a8cd0a75a9fae65268d6\"},\"headline\":\"Ce n\u2019est pas seulement Barnier qu\u2019il faut chasser, c\u2019est Macron et la Constitution ! \u00c0 bas la Ve R\u00e9publique ! Gouvernement des travailleurs et de la d\u00e9mocratie !\",\"datePublished\":\"2024-09-20T14:47:17+00:00\",\"dateModified\":\"2025-01-15T19:20:18+00:00\",\"mainEntityOfPage\":{\"@id\":\"https:\/\/parti-des-travailleurs-78.fr\/index.php\/2024\/09\/20\/ce-nest-pas-seulement-barnier-quil-faut-chassercest-macron-et-la-constitution-a-bas-la-ve-republique-gouvernement-des-travailleurs-et-de-la-democratie\/\"},\"wordCount\":29,\"publisher\":{\"@id\":\"https:\/\/parti-des-travailleurs-78.fr\/#organization\"},\"image\":{\"@id\":\"https:\/\/parti-des-travailleurs-78.fr\/index.php\/2024\/09\/20\/ce-nest-pas-seulement-barnier-quil-faut-chassercest-macron-et-la-constitution-a-bas-la-ve-republique-gouvernement-des-travailleurs-et-de-la-democratie\/#primaryimage\"},\"thumbnailUrl\":\"https:\/\/parti-des-travailleurs-78.fr\/wp-content\/uploads\/2024\/01\/PDT_COMMUNIQUE.png\",\"keywords\":[\"Communiqu\u00e9\"],\"articleSection\":[\"Communiqu\u00e9\"],\"inLanguage\":\"fr-FR\"},{\"@type\":\"WebPage\",\"@id\":\"https:\/\/parti-des-travailleurs-78.fr\/index.php\/2024\/09\/20\/ce-nest-pas-seulement-barnier-quil-faut-chassercest-macron-et-la-constitution-a-bas-la-ve-republique-gouvernement-des-travailleurs-et-de-la-democratie\/\",\"url\":\"https:\/\/parti-des-travailleurs-78.fr\/index.php\/2024\/09\/20\/ce-nest-pas-seulement-barnier-quil-faut-chassercest-macron-et-la-constitution-a-bas-la-ve-republique-gouvernement-des-travailleurs-et-de-la-democratie\/\",\"name\":\"Ce n\u2019est pas seulement Barnier qu\u2019il faut chasser, c\u2019est Macron et la Constitution ! \u00c0 bas la Ve R\u00e9publique ! Gouvernement des travailleurs et de la d\u00e9mocratie ! - Parti des travailleurs | Yvelines\",\"isPartOf\":{\"@id\":\"https:\/\/parti-des-travailleurs-78.fr\/#website\"},\"primaryImageOfPage\":{\"@id\":\"https:\/\/parti-des-travailleurs-78.fr\/index.php\/2024\/09\/20\/ce-nest-pas-seulement-barnier-quil-faut-chassercest-macron-et-la-constitution-a-bas-la-ve-republique-gouvernement-des-travailleurs-et-de-la-democratie\/#primaryimage\"},\"image\":{\"@id\":\"https:\/\/parti-des-travailleurs-78.fr\/index.php\/2024\/09\/20\/ce-nest-pas-seulement-barnier-quil-faut-chassercest-macron-et-la-constitution-a-bas-la-ve-republique-gouvernement-des-travailleurs-et-de-la-democratie\/#primaryimage\"},\"thumbnailUrl\":\"https:\/\/parti-des-travailleurs-78.fr\/wp-content\/uploads\/2024\/01\/PDT_COMMUNIQUE.png\",\"datePublished\":\"2024-09-20T14:47:17+00:00\",\"dateModified\":\"2025-01-15T19:20:18+00:00\",\"breadcrumb\":{\"@id\":\"https:\/\/parti-des-travailleurs-78.fr\/index.php\/2024\/09\/20\/ce-nest-pas-seulement-barnier-quil-faut-chassercest-macron-et-la-constitution-a-bas-la-ve-republique-gouvernement-des-travailleurs-et-de-la-democratie\/#breadcrumb\"},\"inLanguage\":\"fr-FR\",\"potentialAction\":[{\"@type\":\"ReadAction\",\"target\":[\"https:\/\/parti-des-travailleurs-78.fr\/index.php\/2024\/09\/20\/ce-nest-pas-seulement-barnier-quil-faut-chassercest-macron-et-la-constitution-a-bas-la-ve-republique-gouvernement-des-travailleurs-et-de-la-democratie\/\"]}]},{\"@type\":\"ImageObject\",\"inLanguage\":\"fr-FR\",\"@id\":\"https:\/\/parti-des-travailleurs-78.fr\/index.php\/2024\/09\/20\/ce-nest-pas-seulement-barnier-quil-faut-chassercest-macron-et-la-constitution-a-bas-la-ve-republique-gouvernement-des-travailleurs-et-de-la-democratie\/#primaryimage\",\"url\":\"https:\/\/parti-des-travailleurs-78.fr\/wp-content\/uploads\/2024\/01\/PDT_COMMUNIQUE.png\",\"contentUrl\":\"https:\/\/parti-des-travailleurs-78.fr\/wp-content\/uploads\/2024\/01\/PDT_COMMUNIQUE.png\",\"width\":496,\"height\":157,\"caption\":\"PDT_COMMUNIQUE\"},{\"@type\":\"BreadcrumbList\",\"@id\":\"https:\/\/parti-des-travailleurs-78.fr\/index.php\/2024\/09\/20\/ce-nest-pas-seulement-barnier-quil-faut-chassercest-macron-et-la-constitution-a-bas-la-ve-republique-gouvernement-des-travailleurs-et-de-la-democratie\/#breadcrumb\",\"itemListElement\":[{\"@type\":\"ListItem\",\"position\":1,\"name\":\"Accueil\",\"item\":\"https:\/\/parti-des-travailleurs-78.fr\/\"},{\"@type\":\"ListItem\",\"position\":2,\"name\":\"Ce n\u2019est pas seulement Barnier qu\u2019il faut chasser, c\u2019est Macron et la Constitution ! \u00c0 bas la Ve R\u00e9publique ! Gouvernement des travailleurs et de la d\u00e9mocratie !\"}]},{\"@type\":\"WebSite\",\"@id\":\"https:\/\/parti-des-travailleurs-78.fr\/#website\",\"url\":\"https:\/\/parti-des-travailleurs-78.fr\/\",\"name\":\"Parti des travailleurs | Yvelines\",\"description\":\"\",\"publisher\":{\"@id\":\"https:\/\/parti-des-travailleurs-78.fr\/#organization\"},\"potentialAction\":[{\"@type\":\"SearchAction\",\"target\":{\"@type\":\"EntryPoint\",\"urlTemplate\":\"https:\/\/parti-des-travailleurs-78.fr\/?s={search_term_string}\"},\"query-input\":{\"@type\":\"PropertyValueSpecification\",\"valueRequired\":true,\"valueName\":\"search_term_string\"}}],\"inLanguage\":\"fr-FR\"},{\"@type\":\"Organization\",\"@id\":\"https:\/\/parti-des-travailleurs-78.fr\/#organization\",\"name\":\"Parti des travailleurs | Yvelines\",\"url\":\"https:\/\/parti-des-travailleurs-78.fr\/\",\"logo\":{\"@type\":\"ImageObject\",\"inLanguage\":\"fr-FR\",\"@id\":\"https:\/\/parti-des-travailleurs-78.fr\/#\/schema\/logo\/image\/\",\"url\":\"https:\/\/parti-des-travailleurs-78.fr\/wp-content\/uploads\/2023\/12\/cropped-Logo_Parti_des_travailleurs.png\",\"contentUrl\":\"https:\/\/parti-des-travailleurs-78.fr\/wp-content\/uploads\/2023\/12\/cropped-Logo_Parti_des_travailleurs.png\",\"width\":512,\"height\":512,\"caption\":\"Parti des travailleurs | Yvelines\"},\"image\":{\"@id\":\"https:\/\/parti-des-travailleurs-78.fr\/#\/schema\/logo\/image\/\"}},{\"@type\":\"Person\",\"@id\":\"https:\/\/parti-des-travailleurs-78.fr\/#\/schema\/person\/f79ec75f85e9a8cd0a75a9fae65268d6\",\"name\":\"Elundmin\",\"image\":{\"@type\":\"ImageObject\",\"inLanguage\":\"fr-FR\",\"@id\":\"https:\/\/parti-des-travailleurs-78.fr\/#\/schema\/person\/image\/\",\"url\":\"https:\/\/secure.gravatar.com\/avatar\/8d6749b64063ab9baa13169e3cff7275b20043b38a7d0c865ab81e304ceaa9b2?s=96&d=mm&r=g\",\"contentUrl\":\"https:\/\/secure.gravatar.com\/avatar\/8d6749b64063ab9baa13169e3cff7275b20043b38a7d0c865ab81e304ceaa9b2?s=96&d=mm&r=g\",\"caption\":\"Elundmin\"},\"sameAs\":[\"http:\/\/wwazwed.cluster030.hosting.ovh.net\"],\"url\":\"https:\/\/parti-des-travailleurs-78.fr\/index.php\/author\/elundmin\/\"}]}<\/script>\n<!-- \/ Yoast SEO plugin. -->","yoast_head_json":{"title":"Ce n\u2019est pas seulement Barnier qu\u2019il faut chasser, c\u2019est Macron et la Constitution ! \u00c0 bas la Ve R\u00e9publique ! Gouvernement des travailleurs et de la d\u00e9mocratie ! - Parti des travailleurs | Yvelines","robots":{"index":"index","follow":"follow","max-snippet":"max-snippet:-1","max-image-preview":"max-image-preview:large","max-video-preview":"max-video-preview:-1"},"canonical":"https:\/\/parti-des-travailleurs-78.fr\/index.php\/2024\/09\/20\/ce-nest-pas-seulement-barnier-quil-faut-chassercest-macron-et-la-constitution-a-bas-la-ve-republique-gouvernement-des-travailleurs-et-de-la-democratie\/","og_locale":"fr_FR","og_type":"article","og_title":"Ce n\u2019est pas seulement Barnier qu\u2019il faut chasser, c\u2019est Macron et la Constitution ! \u00c0 bas la Ve R\u00e9publique ! Gouvernement des travailleurs et de la d\u00e9mocratie ! - Parti des travailleurs | Yvelines","og_description":"Le gouvernement Macron-Barnier s'annonce comme le gouvernement de la pire r\u00e9action, anti-ouvri\u00e8re, anti-d\u00e9mocratique. Ce gouvernement, dans sa composition comme dans ses objectifs, pr\u00e9tend effacer le vote du 7 juillet qui a rejet\u00e9 sa politique. Les travailleurs se poseront la question, comment cela est-il possible ? Comment est-il possible qu'un parti ultra minoritaire, Les R\u00e9publicains, puisse \u00eatre charg\u00e9 par un pr\u00e9sident battu dans les \u00e9lections, de constituer malgr\u00e9 tout un gouvernement qui s'appr\u00eate \u00e0 porter les coups les plus durs contre les travailleurs et les jeunes ?","og_url":"https:\/\/parti-des-travailleurs-78.fr\/index.php\/2024\/09\/20\/ce-nest-pas-seulement-barnier-quil-faut-chassercest-macron-et-la-constitution-a-bas-la-ve-republique-gouvernement-des-travailleurs-et-de-la-democratie\/","og_site_name":"Parti des travailleurs | Yvelines","article_published_time":"2024-09-20T14:47:17+00:00","article_modified_time":"2025-01-15T19:20:18+00:00","og_image":[{"width":496,"height":157,"url":"https:\/\/parti-des-travailleurs-78.fr\/wp-content\/uploads\/2024\/01\/PDT_COMMUNIQUE.png","type":"image\/png"}],"author":"Elundmin","twitter_card":"summary_large_image","twitter_misc":{"\u00c9crit par":"Elundmin","Dur\u00e9e de lecture estim\u00e9e":"1 minute"},"schema":{"@context":"https:\/\/schema.org","@graph":[{"@type":"Article","@id":"https:\/\/parti-des-travailleurs-78.fr\/index.php\/2024\/09\/20\/ce-nest-pas-seulement-barnier-quil-faut-chassercest-macron-et-la-constitution-a-bas-la-ve-republique-gouvernement-des-travailleurs-et-de-la-democratie\/#article","isPartOf":{"@id":"https:\/\/parti-des-travailleurs-78.fr\/index.php\/2024\/09\/20\/ce-nest-pas-seulement-barnier-quil-faut-chassercest-macron-et-la-constitution-a-bas-la-ve-republique-gouvernement-des-travailleurs-et-de-la-democratie\/"},"author":{"name":"Elundmin","@id":"https:\/\/parti-des-travailleurs-78.fr\/#\/schema\/person\/f79ec75f85e9a8cd0a75a9fae65268d6"},"headline":"Ce n\u2019est pas seulement Barnier qu\u2019il faut chasser, c\u2019est Macron et la Constitution ! \u00c0 bas la Ve R\u00e9publique ! Gouvernement des travailleurs et de la d\u00e9mocratie !","datePublished":"2024-09-20T14:47:17+00:00","dateModified":"2025-01-15T19:20:18+00:00","mainEntityOfPage":{"@id":"https:\/\/parti-des-travailleurs-78.fr\/index.php\/2024\/09\/20\/ce-nest-pas-seulement-barnier-quil-faut-chassercest-macron-et-la-constitution-a-bas-la-ve-republique-gouvernement-des-travailleurs-et-de-la-democratie\/"},"wordCount":29,"publisher":{"@id":"https:\/\/parti-des-travailleurs-78.fr\/#organization"},"image":{"@id":"https:\/\/parti-des-travailleurs-78.fr\/index.php\/2024\/09\/20\/ce-nest-pas-seulement-barnier-quil-faut-chassercest-macron-et-la-constitution-a-bas-la-ve-republique-gouvernement-des-travailleurs-et-de-la-democratie\/#primaryimage"},"thumbnailUrl":"https:\/\/parti-des-travailleurs-78.fr\/wp-content\/uploads\/2024\/01\/PDT_COMMUNIQUE.png","keywords":["Communiqu\u00e9"],"articleSection":["Communiqu\u00e9"],"inLanguage":"fr-FR"},{"@type":"WebPage","@id":"https:\/\/parti-des-travailleurs-78.fr\/index.php\/2024\/09\/20\/ce-nest-pas-seulement-barnier-quil-faut-chassercest-macron-et-la-constitution-a-bas-la-ve-republique-gouvernement-des-travailleurs-et-de-la-democratie\/","url":"https:\/\/parti-des-travailleurs-78.fr\/index.php\/2024\/09\/20\/ce-nest-pas-seulement-barnier-quil-faut-chassercest-macron-et-la-constitution-a-bas-la-ve-republique-gouvernement-des-travailleurs-et-de-la-democratie\/","name":"Ce n\u2019est pas seulement Barnier qu\u2019il faut chasser, c\u2019est Macron et la Constitution ! \u00c0 bas la Ve R\u00e9publique ! Gouvernement des travailleurs et de la d\u00e9mocratie ! - Parti des travailleurs | Yvelines","isPartOf":{"@id":"https:\/\/parti-des-travailleurs-78.fr\/#website"},"primaryImageOfPage":{"@id":"https:\/\/parti-des-travailleurs-78.fr\/index.php\/2024\/09\/20\/ce-nest-pas-seulement-barnier-quil-faut-chassercest-macron-et-la-constitution-a-bas-la-ve-republique-gouvernement-des-travailleurs-et-de-la-democratie\/#primaryimage"},"image":{"@id":"https:\/\/parti-des-travailleurs-78.fr\/index.php\/2024\/09\/20\/ce-nest-pas-seulement-barnier-quil-faut-chassercest-macron-et-la-constitution-a-bas-la-ve-republique-gouvernement-des-travailleurs-et-de-la-democratie\/#primaryimage"},"thumbnailUrl":"https:\/\/parti-des-travailleurs-78.fr\/wp-content\/uploads\/2024\/01\/PDT_COMMUNIQUE.png","datePublished":"2024-09-20T14:47:17+00:00","dateModified":"2025-01-15T19:20:18+00:00","breadcrumb":{"@id":"https:\/\/parti-des-travailleurs-78.fr\/index.php\/2024\/09\/20\/ce-nest-pas-seulement-barnier-quil-faut-chassercest-macron-et-la-constitution-a-bas-la-ve-republique-gouvernement-des-travailleurs-et-de-la-democratie\/#breadcrumb"},"inLanguage":"fr-FR","potentialAction":[{"@type":"ReadAction","target":["https:\/\/parti-des-travailleurs-78.fr\/index.php\/2024\/09\/20\/ce-nest-pas-seulement-barnier-quil-faut-chassercest-macron-et-la-constitution-a-bas-la-ve-republique-gouvernement-des-travailleurs-et-de-la-democratie\/"]}]},{"@type":"ImageObject","inLanguage":"fr-FR","@id":"https:\/\/parti-des-travailleurs-78.fr\/index.php\/2024\/09\/20\/ce-nest-pas-seulement-barnier-quil-faut-chassercest-macron-et-la-constitution-a-bas-la-ve-republique-gouvernement-des-travailleurs-et-de-la-democratie\/#primaryimage","url":"https:\/\/parti-des-travailleurs-78.fr\/wp-content\/uploads\/2024\/01\/PDT_COMMUNIQUE.png","contentUrl":"https:\/\/parti-des-travailleurs-78.fr\/wp-content\/uploads\/2024\/01\/PDT_COMMUNIQUE.png","width":496,"height":157,"caption":"PDT_COMMUNIQUE"},{"@type":"BreadcrumbList","@id":"https:\/\/parti-des-travailleurs-78.fr\/index.php\/2024\/09\/20\/ce-nest-pas-seulement-barnier-quil-faut-chassercest-macron-et-la-constitution-a-bas-la-ve-republique-gouvernement-des-travailleurs-et-de-la-democratie\/#breadcrumb","itemListElement":[{"@type":"ListItem","position":1,"name":"Accueil","item":"https:\/\/parti-des-travailleurs-78.fr\/"},{"@type":"ListItem","position":2,"name":"Ce n\u2019est pas seulement Barnier qu\u2019il faut chasser, c\u2019est Macron et la Constitution ! \u00c0 bas la Ve R\u00e9publique ! Gouvernement des travailleurs et de la d\u00e9mocratie !"}]},{"@type":"WebSite","@id":"https:\/\/parti-des-travailleurs-78.fr\/#website","url":"https:\/\/parti-des-travailleurs-78.fr\/","name":"Parti des travailleurs | Yvelines","description":"","publisher":{"@id":"https:\/\/parti-des-travailleurs-78.fr\/#organization"},"potentialAction":[{"@type":"SearchAction","target":{"@type":"EntryPoint","urlTemplate":"https:\/\/parti-des-travailleurs-78.fr\/?s={search_term_string}"},"query-input":{"@type":"PropertyValueSpecification","valueRequired":true,"valueName":"search_term_string"}}],"inLanguage":"fr-FR"},{"@type":"Organization","@id":"https:\/\/parti-des-travailleurs-78.fr\/#organization","name":"Parti des travailleurs | Yvelines","url":"https:\/\/parti-des-travailleurs-78.fr\/","logo":{"@type":"ImageObject","inLanguage":"fr-FR","@id":"https:\/\/parti-des-travailleurs-78.fr\/#\/schema\/logo\/image\/","url":"https:\/\/parti-des-travailleurs-78.fr\/wp-content\/uploads\/2023\/12\/cropped-Logo_Parti_des_travailleurs.png","contentUrl":"https:\/\/parti-des-travailleurs-78.fr\/wp-content\/uploads\/2023\/12\/cropped-Logo_Parti_des_travailleurs.png","width":512,"height":512,"caption":"Parti des travailleurs | Yvelines"},"image":{"@id":"https:\/\/parti-des-travailleurs-78.fr\/#\/schema\/logo\/image\/"}},{"@type":"Person","@id":"https:\/\/parti-des-travailleurs-78.fr\/#\/schema\/person\/f79ec75f85e9a8cd0a75a9fae65268d6","name":"Elundmin","image":{"@type":"ImageObject","inLanguage":"fr-FR","@id":"https:\/\/parti-des-travailleurs-78.fr\/#\/schema\/person\/image\/","url":"https:\/\/secure.gravatar.com\/avatar\/8d6749b64063ab9baa13169e3cff7275b20043b38a7d0c865ab81e304ceaa9b2?s=96&d=mm&r=g","contentUrl":"https:\/\/secure.gravatar.com\/avatar\/8d6749b64063ab9baa13169e3cff7275b20043b38a7d0c865ab81e304ceaa9b2?s=96&d=mm&r=g","caption":"Elundmin"},"sameAs":["http:\/\/wwazwed.cluster030.hosting.ovh.net"],"url":"https:\/\/parti-des-travailleurs-78.fr\/index.php\/author\/elundmin\/"}]}},"_links":{"self":[{"href":"https:\/\/parti-des-travailleurs-78.fr\/index.php\/wp-json\/wp\/v2\/posts\/984","targetHints":{"allow":["GET"]}}],"collection":[{"href":"https:\/\/parti-des-travailleurs-78.fr\/index.php\/wp-json\/wp\/v2\/posts"}],"about":[{"href":"https:\/\/parti-des-travailleurs-78.fr\/index.php\/wp-json\/wp\/v2\/types\/post"}],"author":[{"embeddable":true,"href":"https:\/\/parti-des-travailleurs-78.fr\/index.php\/wp-json\/wp\/v2\/users\/1"}],"replies":[{"embeddable":true,"href":"https:\/\/parti-des-travailleurs-78.fr\/index.php\/wp-json\/wp\/v2\/comments?post=984"}],"version-history":[{"count":2,"href":"https:\/\/parti-des-travailleurs-78.fr\/index.php\/wp-json\/wp\/v2\/posts\/984\/revisions"}],"predecessor-version":[{"id":988,"href":"https:\/\/parti-des-travailleurs-78.fr\/index.php\/wp-json\/wp\/v2\/posts\/984\/revisions\/988"}],"wp:featuredmedia":[{"embeddable":true,"href":"https:\/\/parti-des-travailleurs-78.fr\/index.php\/wp-json\/wp\/v2\/media\/678"}],"wp:attachment":[{"href":"https:\/\/parti-des-travailleurs-78.fr\/index.php\/wp-json\/wp\/v2\/media?parent=984"}],"wp:term":[{"taxonomy":"category","embeddable":true,"href":"https:\/\/parti-des-travailleurs-78.fr\/index.php\/wp-json\/wp\/v2\/categories?post=984"},{"taxonomy":"post_tag","embeddable":true,"href":"https:\/\/parti-des-travailleurs-78.fr\/index.php\/wp-json\/wp\/v2\/tags?post=984"}],"curies":[{"name":"wp","href":"https:\/\/api.w.org\/{rel}","templated":true}]}}